{"id":17465,"date":"2023-06-15T17:11:58","date_gmt":"2023-06-15T17:11:58","guid":{"rendered":"https:\/\/gostodefloripa.com.br\/?p=17465"},"modified":"2023-06-15T17:11:58","modified_gmt":"2023-06-15T17:11:58","slug":"acao-da-associacao-floripamanha-promove-valorizacao-da-gastronomia-em-florianopolis","status":"publish","type":"post","link":"https:\/\/revistabica.com\/floripa\/acao-da-associacao-floripamanha-promove-valorizacao-da-gastronomia-em-florianopolis\/","title":{"rendered":"A\u00e7\u00e3o da Associa\u00e7\u00e3o FloripAmanh\u00e3 promove valoriza\u00e7\u00e3o da gastronomia em Florian\u00f3polis"},"content":{"rendered":"<p>Com 17 anos de hist\u00f3ria, a\u00a0<strong>Associa\u00e7\u00e3o FloripAmanh\u00e3<\/strong>\u00a0vem desenvolvendo diversas a\u00e7\u00f5es junto aos \u00f3rg\u00e3os p\u00fablicos e a iniciativa privada para melhorar o bem estar social e promover a sustentabilidade na capital catarinense.<\/p>\n<p><iframe loading=\"lazy\" title=\"A\u00e7\u00e3o da Associa\u00e7\u00e3o FloripAmanh\u00e3 promove valoriza\u00e7\u00e3o da gastronomia em Florian\u00f3polis\" width=\"940\" height=\"529\" src=\"https:\/\/www.youtube.com\/embed\/4RH-nov6l3k?feature=oembed\" frameborder=\"0\" allow=\"accelerometer; autoplay; clipboard-write; encrypted-media; gyroscope; picture-in-picture; web-share\" allowfullscreen><\/iframe><\/p>\n<p>Fonte: https:\/\/floripamanha.org\/<\/p>\n","protected":false},"excerpt":{"rendered":"<p>Com 17 anos de hist\u00f3ria, a\u00a0Associa\u00e7\u00e3o FloripAmanh\u00e3\u00a0vem desenvolvendo diversas a\u00e7\u00f5es junto aos \u00f3rg\u00e3os p\u00fablicos e a iniciativa privada para melhorar &#8230;<\/p>\n","protected":false},"author":18,"featured_media":17466,"comment_status":"closed","ping_status":"closed","sticky":false,"template":"","format":"standard","meta":[],"categories":[86],"tags":[],"yoast_head":"<!-- This site is optimized with the Yoast SEO plugin v19.9 - https:\/\/yoast.com\/wordpress\/plugins\/seo\/ -->\n<title>A\u00e7\u00e3o da Associa\u00e7\u00e3o FloripAmanh\u00e3 promove valoriza\u00e7\u00e3o da gastronomia em Florian\u00f3polis - GOSTO DE FLORIPA<\/title>\n<meta name=\"robots\" content=\"index, follow, max-snippet:-1, max-image-preview:large, max-video-preview:-1\" \/>\n<link rel=\"canonical\" href=\"https:\/\/revistabica.com\/floripa\/acao-da-associacao-floripamanha-promove-valorizacao-da-gastronomia-em-florianopolis\/\" \/>\n<meta property=\"og:locale\" content=\"pt_PT\" \/>\n<meta property=\"og:type\" content=\"article\" \/>\n<meta property=\"og:title\" content=\"A\u00e7\u00e3o da Associa\u00e7\u00e3o FloripAmanh\u00e3 promove valoriza\u00e7\u00e3o da gastronomia em Florian\u00f3polis - GOSTO DE FLORIPA\" \/>\n<meta property=\"og:description\" content=\"Com 17 anos de hist\u00f3ria, a\u00a0Associa\u00e7\u00e3o FloripAmanh\u00e3\u00a0vem desenvolvendo diversas a\u00e7\u00f5es junto aos \u00f3rg\u00e3os p\u00fablicos e a iniciativa privada para melhorar ...\" \/>\n<meta property=\"og:url\" content=\"https:\/\/revistabica.com\/floripa\/acao-da-associacao-floripamanha-promove-valorizacao-da-gastronomia-em-florianopolis\/\" \/>\n<meta property=\"og:site_name\" content=\"GOSTO DE FLORIPA\" \/>\n<meta property=\"article:published_time\" content=\"2023-06-15T17:11:58+00:00\" \/>\n<meta property=\"og:image\" content=\"https:\/\/revistabica.com\/floripa\/wp-content\/uploads\/2023\/06\/anita-imprensa-nd.jpg\" \/>\n\t<meta property=\"og:image:width\" content=\"800\" \/>\n\t<meta property=\"og:image:height\" content=\"533\" \/>\n\t<meta property=\"og:image:type\" content=\"image\/jpeg\" \/>\n<meta name=\"author\" content=\"GOSTO DE FLORIPA\" \/>\n<meta name=\"twitter:card\" content=\"summary_large_image\" \/>\n<meta name=\"twitter:label1\" content=\"Escrito por\" \/>\n\t<meta name=\"twitter:data1\" content=\"GOSTO DE FLORIPA\" \/>\n\t<meta name=\"twitter:label2\" content=\"Tempo estimado de leitura\" \/>\n\t<meta name=\"twitter:data2\" content=\"1 minuto\" \/>\n<script type=\"application\/ld+json\" class=\"yoast-schema-graph\">{\"@context\":\"https:\/\/schema.org\",\"@graph\":[{\"@type\":\"Article\",\"@id\":\"https:\/\/revistabica.com\/floripa\/acao-da-associacao-floripamanha-promove-valorizacao-da-gastronomia-em-florianopolis\/#article\",\"isPartOf\":{\"@id\":\"https:\/\/revistabica.com\/floripa\/acao-da-associacao-floripamanha-promove-valorizacao-da-gastronomia-em-florianopolis\/\"},\"author\":{\"name\":\"GOSTO DE FLORIPA\",\"@id\":\"https:\/\/revistabica.com\/floripa\/#\/schema\/person\/ad8ad44cae7ea11508c0df241d9c8cd9\"},\"headline\":\"A\u00e7\u00e3o da Associa\u00e7\u00e3o FloripAmanh\u00e3 promove valoriza\u00e7\u00e3o da gastronomia em Florian\u00f3polis\",\"datePublished\":\"2023-06-15T17:11:58+00:00\",\"dateModified\":\"2023-06-15T17:11:58+00:00\",\"mainEntityOfPage\":{\"@id\":\"https:\/\/revistabica.com\/floripa\/acao-da-associacao-floripamanha-promove-valorizacao-da-gastronomia-em-florianopolis\/\"},\"wordCount\":64,\"publisher\":{\"@id\":\"https:\/\/revistabica.com\/floripa\/#organization\"},\"articleSection\":[\"Opini\u00e3o\"],\"inLanguage\":\"pt-PT\"},{\"@type\":\"WebPage\",\"@id\":\"https:\/\/revistabica.com\/floripa\/acao-da-associacao-floripamanha-promove-valorizacao-da-gastronomia-em-florianopolis\/\",\"url\":\"https:\/\/revistabica.com\/floripa\/acao-da-associacao-floripamanha-promove-valorizacao-da-gastronomia-em-florianopolis\/\",\"name\":\"A\u00e7\u00e3o da Associa\u00e7\u00e3o FloripAmanh\u00e3 promove valoriza\u00e7\u00e3o da gastronomia em Florian\u00f3polis - GOSTO DE FLORIPA\",\"isPartOf\":{\"@id\":\"https:\/\/revistabica.com\/floripa\/#website\"},\"datePublished\":\"2023-06-15T17:11:58+00:00\",\"dateModified\":\"2023-06-15T17:11:58+00:00\",\"breadcrumb\":{\"@id\":\"https:\/\/revistabica.com\/floripa\/acao-da-associacao-floripamanha-promove-valorizacao-da-gastronomia-em-florianopolis\/#breadcrumb\"},\"inLanguage\":\"pt-PT\",\"potentialAction\":[{\"@type\":\"ReadAction\",\"target\":[\"https:\/\/revistabica.com\/floripa\/acao-da-associacao-floripamanha-promove-valorizacao-da-gastronomia-em-florianopolis\/\"]}]},{\"@type\":\"BreadcrumbList\",\"@id\":\"https:\/\/revistabica.com\/floripa\/acao-da-associacao-floripamanha-promove-valorizacao-da-gastronomia-em-florianopolis\/#breadcrumb\",\"itemListElement\":[{\"@type\":\"ListItem\",\"position\":1,\"name\":\"In\u00edcio\",\"item\":\"https:\/\/revistabica.com\/floripa\/\"},{\"@type\":\"ListItem\",\"position\":2,\"name\":\"A\u00e7\u00e3o da Associa\u00e7\u00e3o FloripAmanh\u00e3 promove valoriza\u00e7\u00e3o da gastronomia em Florian\u00f3polis\"}]},{\"@type\":\"WebSite\",\"@id\":\"https:\/\/revistabica.com\/floripa\/#website\",\"url\":\"https:\/\/revistabica.com\/floripa\/\",\"name\":\"GOSTO DE FLORIPA\",\"description\":\"SANTA CATARINA\",\"publisher\":{\"@id\":\"https:\/\/revistabica.com\/floripa\/#organization\"},\"potentialAction\":[{\"@type\":\"SearchAction\",\"target\":{\"@type\":\"EntryPoint\",\"urlTemplate\":\"https:\/\/revistabica.com\/floripa\/?s={search_term_string}\"},\"query-input\":\"required name=search_term_string\"}],\"inLanguage\":\"pt-PT\"},{\"@type\":\"Organization\",\"@id\":\"https:\/\/revistabica.com\/floripa\/#organization\",\"name\":\"GOSTO DE FLORIPA\",\"url\":\"https:\/\/revistabica.com\/floripa\/\",\"logo\":{\"@type\":\"ImageObject\",\"inLanguage\":\"pt-PT\",\"@id\":\"https:\/\/revistabica.com\/floripa\/#\/schema\/logo\/image\/\",\"url\":\"https:\/\/revistabica.com\/floripa\/wp-content\/uploads\/2022\/10\/logo-site-branco-03.png\",\"contentUrl\":\"https:\/\/revistabica.com\/floripa\/wp-content\/uploads\/2022\/10\/logo-site-branco-03.png\",\"width\":626,\"height\":209,\"caption\":\"GOSTO DE FLORIPA\"},\"image\":{\"@id\":\"https:\/\/revistabica.com\/floripa\/#\/schema\/logo\/image\/\"}},{\"@type\":\"Person\",\"@id\":\"https:\/\/revistabica.com\/floripa\/#\/schema\/person\/ad8ad44cae7ea11508c0df241d9c8cd9\",\"name\":\"GOSTO DE FLORIPA\",\"image\":{\"@type\":\"ImageObject\",\"inLanguage\":\"pt-PT\",\"@id\":\"https:\/\/revistabica.com\/floripa\/#\/schema\/person\/image\/\",\"url\":\"https:\/\/secure.gravatar.com\/avatar\/2ad7dffdeed4570dd6338c3e1e43403d?s=96&d=mm&r=g\",\"contentUrl\":\"https:\/\/secure.gravatar.com\/avatar\/2ad7dffdeed4570dd6338c3e1e43403d?s=96&d=mm&r=g\",\"caption\":\"GOSTO DE FLORIPA\"},\"sameAs\":[\"design@studiobox.pt\"],\"url\":\"https:\/\/revistabica.com\/floripa\/author\/gosto-de-floripa\/\"}]}<\/script>\n<!-- \/ Yoast SEO plugin. -->","yoast_head_json":{"title":"A\u00e7\u00e3o da Associa\u00e7\u00e3o FloripAmanh\u00e3 promove valoriza\u00e7\u00e3o da gastronomia em Florian\u00f3polis - GOSTO DE FLORIPA","robots":{"index":"index","follow":"follow","max-snippet":"max-snippet:-1","max-image-preview":"max-image-preview:large","max-video-preview":"max-video-preview:-1"},"canonical":"https:\/\/revistabica.com\/floripa\/acao-da-associacao-floripamanha-promove-valorizacao-da-gastronomia-em-florianopolis\/","og_locale":"pt_PT","og_type":"article","og_title":"A\u00e7\u00e3o da Associa\u00e7\u00e3o FloripAmanh\u00e3 promove valoriza\u00e7\u00e3o da gastronomia em Florian\u00f3polis - GOSTO DE FLORIPA","og_description":"Com 17 anos de hist\u00f3ria, a\u00a0Associa\u00e7\u00e3o FloripAmanh\u00e3\u00a0vem desenvolvendo diversas a\u00e7\u00f5es junto aos \u00f3rg\u00e3os p\u00fablicos e a iniciativa privada para melhorar ...","og_url":"https:\/\/revistabica.com\/floripa\/acao-da-associacao-floripamanha-promove-valorizacao-da-gastronomia-em-florianopolis\/","og_site_name":"GOSTO DE FLORIPA","article_published_time":"2023-06-15T17:11:58+00:00","og_image":[{"width":800,"height":533,"url":"https:\/\/revistabica.com\/floripa\/wp-content\/uploads\/2023\/06\/anita-imprensa-nd.jpg","type":"image\/jpeg"}],"author":"GOSTO DE FLORIPA","twitter_card":"summary_large_image","twitter_misc":{"Escrito por":"GOSTO DE FLORIPA","Tempo estimado de leitura":"1 minuto"},"schema":{"@context":"https:\/\/schema.org","@graph":[{"@type":"Article","@id":"https:\/\/revistabica.com\/floripa\/acao-da-associacao-floripamanha-promove-valorizacao-da-gastronomia-em-florianopolis\/#article","isPartOf":{"@id":"https:\/\/revistabica.com\/floripa\/acao-da-associacao-floripamanha-promove-valorizacao-da-gastronomia-em-florianopolis\/"},"author":{"name":"GOSTO DE FLORIPA","@id":"https:\/\/revistabica.com\/floripa\/#\/schema\/person\/ad8ad44cae7ea11508c0df241d9c8cd9"},"headline":"A\u00e7\u00e3o da Associa\u00e7\u00e3o FloripAmanh\u00e3 promove valoriza\u00e7\u00e3o da gastronomia em Florian\u00f3polis","datePublished":"2023-06-15T17:11:58+00:00","dateModified":"2023-06-15T17:11:58+00:00","mainEntityOfPage":{"@id":"https:\/\/revistabica.com\/floripa\/acao-da-associacao-floripamanha-promove-valorizacao-da-gastronomia-em-florianopolis\/"},"wordCount":64,"publisher":{"@id":"https:\/\/revistabica.com\/floripa\/#organization"},"articleSection":["Opini\u00e3o"],"inLanguage":"pt-PT"},{"@type":"WebPage","@id":"https:\/\/revistabica.com\/floripa\/acao-da-associacao-floripamanha-promove-valorizacao-da-gastronomia-em-florianopolis\/","url":"https:\/\/revistabica.com\/floripa\/acao-da-associacao-floripamanha-promove-valorizacao-da-gastronomia-em-florianopolis\/","name":"A\u00e7\u00e3o da Associa\u00e7\u00e3o FloripAmanh\u00e3 promove valoriza\u00e7\u00e3o da gastronomia em Florian\u00f3polis - GOSTO DE FLORIPA","isPartOf":{"@id":"https:\/\/revistabica.com\/floripa\/#website"},"datePublished":"2023-06-15T17:11:58+00:00","dateModified":"2023-06-15T17:11:58+00:00","breadcrumb":{"@id":"https:\/\/revistabica.com\/floripa\/acao-da-associacao-floripamanha-promove-valorizacao-da-gastronomia-em-florianopolis\/#breadcrumb"},"inLanguage":"pt-PT","potentialAction":[{"@type":"ReadAction","target":["https:\/\/revistabica.com\/floripa\/acao-da-associacao-floripamanha-promove-valorizacao-da-gastronomia-em-florianopolis\/"]}]},{"@type":"BreadcrumbList","@id":"https:\/\/revistabica.com\/floripa\/acao-da-associacao-floripamanha-promove-valorizacao-da-gastronomia-em-florianopolis\/#breadcrumb","itemListElement":[{"@type":"ListItem","position":1,"name":"In\u00edcio","item":"https:\/\/revistabica.com\/floripa\/"},{"@type":"ListItem","position":2,"name":"A\u00e7\u00e3o da Associa\u00e7\u00e3o FloripAmanh\u00e3 promove valoriza\u00e7\u00e3o da gastronomia em Florian\u00f3polis"}]},{"@type":"WebSite","@id":"https:\/\/revistabica.com\/floripa\/#website","url":"https:\/\/revistabica.com\/floripa\/","name":"GOSTO DE FLORIPA","description":"SANTA CATARINA","publisher":{"@id":"https:\/\/revistabica.com\/floripa\/#organization"},"potentialAction":[{"@type":"SearchAction","target":{"@type":"EntryPoint","urlTemplate":"https:\/\/revistabica.com\/floripa\/?s={search_term_string}"},"query-input":"required name=search_term_string"}],"inLanguage":"pt-PT"},{"@type":"Organization","@id":"https:\/\/revistabica.com\/floripa\/#organization","name":"GOSTO DE FLORIPA","url":"https:\/\/revistabica.com\/floripa\/","logo":{"@type":"ImageObject","inLanguage":"pt-PT","@id":"https:\/\/revistabica.com\/floripa\/#\/schema\/logo\/image\/","url":"https:\/\/revistabica.com\/floripa\/wp-content\/uploads\/2022\/10\/logo-site-branco-03.png","contentUrl":"https:\/\/revistabica.com\/floripa\/wp-content\/uploads\/2022\/10\/logo-site-branco-03.png","width":626,"height":209,"caption":"GOSTO DE FLORIPA"},"image":{"@id":"https:\/\/revistabica.com\/floripa\/#\/schema\/logo\/image\/"}},{"@type":"Person","@id":"https:\/\/revistabica.com\/floripa\/#\/schema\/person\/ad8ad44cae7ea11508c0df241d9c8cd9","name":"GOSTO DE FLORIPA","image":{"@type":"ImageObject","inLanguage":"pt-PT","@id":"https:\/\/revistabica.com\/floripa\/#\/schema\/person\/image\/","url":"https:\/\/secure.gravatar.com\/avatar\/2ad7dffdeed4570dd6338c3e1e43403d?s=96&d=mm&r=g","contentUrl":"https:\/\/secure.gravatar.com\/avatar\/2ad7dffdeed4570dd6338c3e1e43403d?s=96&d=mm&r=g","caption":"GOSTO DE FLORIPA"},"sameAs":["design@studiobox.pt"],"url":"https:\/\/revistabica.com\/floripa\/author\/gosto-de-floripa\/"}]}},"_links":{"self":[{"href":"https:\/\/revistabica.com\/floripa\/wp-json\/wp\/v2\/posts\/17465"}],"collection":[{"href":"https:\/\/revistabica.com\/floripa\/wp-json\/wp\/v2\/posts"}],"about":[{"href":"https:\/\/revistabica.com\/floripa\/wp-json\/wp\/v2\/types\/post"}],"author":[{"embeddable":true,"href":"https:\/\/revistabica.com\/floripa\/wp-json\/wp\/v2\/users\/18"}],"replies":[{"embeddable":true,"href":"https:\/\/revistabica.com\/floripa\/wp-json\/wp\/v2\/comments?post=17465"}],"version-history":[{"count":1,"href":"https:\/\/revistabica.com\/floripa\/wp-json\/wp\/v2\/posts\/17465\/revisions"}],"predecessor-version":[{"id":17467,"href":"https:\/\/revistabica.com\/floripa\/wp-json\/wp\/v2\/posts\/17465\/revisions\/17467"}],"wp:featuredmedia":[{"embeddable":true,"href":"https:\/\/revistabica.com\/floripa\/wp-json\/wp\/v2\/media\/17466"}],"wp:attachment":[{"href":"https:\/\/revistabica.com\/floripa\/wp-json\/wp\/v2\/media?parent=17465"}],"wp:term":[{"taxonomy":"category","embeddable":true,"href":"https:\/\/revistabica.com\/floripa\/wp-json\/wp\/v2\/categories?post=17465"},{"taxonomy":"post_tag","embeddable":true,"href":"https:\/\/revistabica.com\/floripa\/wp-json\/wp\/v2\/tags?post=17465"}],"curies":[{"name":"wp","href":"https:\/\/api.w.org\/{rel}","templated":true}]}}