{"id":17461,"date":"2023-06-15T17:04:29","date_gmt":"2023-06-15T17:04:29","guid":{"rendered":"https:\/\/gostodefloripa.com.br\/?p=17461"},"modified":"2023-06-15T17:04:29","modified_gmt":"2023-06-15T17:04:29","slug":"anunciada-a-programacao-do-i-encontro-das-cidades-criativas-unesco-da-gastronomia","status":"publish","type":"post","link":"https:\/\/revistabica.com\/floripa\/anunciada-a-programacao-do-i-encontro-das-cidades-criativas-unesco-da-gastronomia\/","title":{"rendered":"Anunciada a programa\u00e7\u00e3o do I Encontro das Cidades Criativas Unesco da Gastronomia"},"content":{"rendered":"<h2>Faltam menos de dois meses para o I Encontro das Cidades Criativas Unesco da Gastronomia, e hoje temos o prazer de divulgar a programa\u00e7\u00e3o completa desse evento inovador.<\/h2>\n<p>Este encontro hist\u00f3rico reunir\u00e1 representantes das cidades criativas da gastronomia reconhecidas pela UNESCO, e visa promover a troca de experi\u00eancias e o interc\u00e2mbio cultural entre os profissionais do setor, a fim de gerar novos neg\u00f3cios, parcerias e coopera\u00e7\u00e3o entre as cidades chanceladas. Al\u00e9m de Florian\u00f3polis, Bel\u00e9m (PA), Belo Horizonte (MG) e Paraty (RJ), tamb\u00e9m s\u00e3o reconhecidas pelas suas culin\u00e1rias regionais e devem receber o evento.<\/p>\n<p>Ao longo dos tr\u00eas dias do evento, o I Encontro das Cidades Criativas Unesco da Gastronomia oferecer\u00e1 uma variedade de atividades, palestras, visitas a produtores locais e uma feira criativa para exposi\u00e7\u00e3o e degusta\u00e7\u00e3o de pratos t\u00edpicos dos restaurantes participantes. Esses espa\u00e7os proporcionar\u00e3o uma oportunidade \u00fanica para o compartilhamento de experi\u00eancias entre os participantes.\u00a0A programa\u00e7\u00e3o incluir\u00e1:<\/p>\n<h3><b>Quinta-feira (03\/08\/23) \u2013 Confer\u00eancia das Cidades Brasileiras Criativas Unesco da Gastronomia\u00a0<\/b><\/h3>\n<p>09h \u2013 Palestra: Perspectivas do Turismo Gastron\u00f4mico Brasileiro<\/p>\n<p>10h \u2013 Palestra: Panorama da Gastronomia na Economia Criativa<\/p>\n<p>10h30 \u2013 Apresenta\u00e7\u00e3o Casos de sucesso: a\u00e7\u00f5es voltadas \u00e0 gastronomia e alimenta\u00e7\u00e3o nas Cidades Criativas brasileiras;<\/p>\n<p>13h30 \u00e0s 16h30 \u2013 Reuni\u00f5es T\u00e9cnicas e Palestra: Perspectivas da Gastronomia Brasileira;<\/p>\n<p>18h30 \u2013 Abertura Institucional do evento e coquetel para convidados<\/p>\n<h3><b>Sexta-feira (04\/08\/23) \u2013 Visitas T\u00e9cnicas (para convidados)<\/b><\/h3>\n<p>08h \u00e0s 12h \u2013 Ostras e Algas (Ostra Experience e visita a fazenda de algas);<\/p>\n<p>15h \u00e0s 18h \u2013 Casar\u00e3o e Engenho dos Andrade (fabrica\u00e7\u00e3o artesanal de farinha de mandioca e viv\u00eancia do Boi de Mam\u00e3o);<\/p>\n<h3><b>S\u00e1bado (05\/08\/23)\u00a0<\/b><\/h3>\n<p>08h \u00e0s 11h \u2013 Centro da cidade \u2013 visita ao Museu de Florian\u00f3polis e Walking Tour<\/p>\n<p><strong>11h \u00e0s 19h \u2013 FEIRA CRIATIVA<\/strong><\/p>\n<ul>\n<li aria-level=\"1\">Exposi\u00e7\u00e3o\/comercializa\u00e7\u00e3o de produtores locais;<\/li>\n<li aria-level=\"1\">Exposi\u00e7\u00e3o\/comercializa\u00e7\u00e3o de comida (pratos e restaurantes locais);<\/li>\n<li aria-level=\"1\">Feira de Artesanato Fatto a Femme<\/li>\n<li aria-level=\"1\">Stands com degusta\u00e7\u00e3o de ingredientes;<\/li>\n<li aria-level=\"1\">Aulas show com os chefs: Maria Garcia e Janete Borges (Florian\u00f3polis), Edson Puiati (Belo Horizonte),\u00a0 Tor\u00f3 Gastronomia Sustent\u00e1vel (Bel\u00e9m) e Dave Fran\u00e7a (Bel\u00e9m)<\/li>\n<li aria-level=\"1\">Apresenta\u00e7\u00f5es art\u00edstico-culturais: Dona Bilica, Lieza Neves, Alivanta meu Boi, Camerata de Florian\u00f3polis<\/li>\n<\/ul>\n<p>O I Encontro Brasileiro das Cidades Criativas Unesco da Gastronomia \u00e9 promovido pelo Sistema Com\u00e9rcio de Santa Catarina, com apoio da Prefeitura Municipal de Florian\u00f3polis, Associa\u00e7\u00e3o FloripAmanh\u00e3, Fecom\u00e9rcio-MG, Fecom\u00e9rcio-RJ e Fecom\u00e9rcio-PA, al\u00e9m de outras entidades parceiras.<\/p>\n<p>&nbsp;<\/p>\n<p><a href=\"https:\/\/gostodefloripa.com.br\/wp-content\/uploads\/2023\/06\/banner-encontro-800.png\"><img loading=\"lazy\" class=\"alignnone size-medium wp-image-17463\" src=\"https:\/\/gostodefloripa.com.br\/wp-content\/uploads\/2023\/06\/banner-encontro-800-300x106.png\" alt=\"\" width=\"300\" height=\"106\" srcset=\"https:\/\/revistabica.com\/floripa\/wp-content\/uploads\/2023\/06\/banner-encontro-800-300x106.png 300w, https:\/\/revistabica.com\/floripa\/wp-content\/uploads\/2023\/06\/banner-encontro-800-768x271.png 768w, https:\/\/revistabica.com\/floripa\/wp-content\/uploads\/2023\/06\/banner-encontro-800.png 800w\" sizes=\"(max-width: 300px) 100vw, 300px\" \/><\/a><\/p>\n<p>Fonte: https:\/\/floripamanha.org\/<\/p>\n","protected":false},"excerpt":{"rendered":"<p>Faltam menos de dois meses para o I Encontro das Cidades Criativas Unesco da Gastronomia, e hoje temos o prazer &#8230;<\/p>\n","protected":false},"author":18,"featured_media":17462,"comment_status":"closed","ping_status":"closed","sticky":false,"template":"","format":"standard","meta":[],"categories":[86],"tags":[],"yoast_head":"<!-- This site is optimized with the Yoast SEO plugin v19.9 - https:\/\/yoast.com\/wordpress\/plugins\/seo\/ -->\n<title>Anunciada a programa\u00e7\u00e3o do I Encontro das Cidades Criativas Unesco da Gastronomia - GOSTO DE FLORIPA<\/title>\n<meta name=\"robots\" content=\"index, follow, max-snippet:-1, max-image-preview:large, max-video-preview:-1\" \/>\n<link rel=\"canonical\" href=\"https:\/\/revistabica.com\/floripa\/anunciada-a-programacao-do-i-encontro-das-cidades-criativas-unesco-da-gastronomia\/\" \/>\n<meta property=\"og:locale\" content=\"pt_PT\" \/>\n<meta property=\"og:type\" content=\"article\" \/>\n<meta property=\"og:title\" content=\"Anunciada a programa\u00e7\u00e3o do I Encontro das Cidades Criativas Unesco da Gastronomia - GOSTO DE FLORIPA\" \/>\n<meta property=\"og:description\" content=\"Faltam menos de dois meses para o I Encontro das Cidades Criativas Unesco da Gastronomia, e hoje temos o prazer ...\" \/>\n<meta property=\"og:url\" content=\"https:\/\/revistabica.com\/floripa\/anunciada-a-programacao-do-i-encontro-das-cidades-criativas-unesco-da-gastronomia\/\" \/>\n<meta property=\"og:site_name\" content=\"GOSTO DE FLORIPA\" \/>\n<meta property=\"article:published_time\" content=\"2023-06-15T17:04:29+00:00\" \/>\n<meta property=\"og:image\" content=\"https:\/\/revistabica.com\/floripa\/wp-content\/uploads\/2023\/06\/encontro-gastronomia.jpg\" \/>\n\t<meta property=\"og:image:width\" content=\"800\" \/>\n\t<meta property=\"og:image:height\" content=\"533\" \/>\n\t<meta property=\"og:image:type\" content=\"image\/jpeg\" \/>\n<meta name=\"author\" content=\"GOSTO DE FLORIPA\" \/>\n<meta name=\"twitter:card\" content=\"summary_large_image\" \/>\n<meta name=\"twitter:label1\" content=\"Escrito por\" \/>\n\t<meta name=\"twitter:data1\" content=\"GOSTO DE FLORIPA\" \/>\n\t<meta name=\"twitter:label2\" content=\"Tempo estimado de leitura\" \/>\n\t<meta name=\"twitter:data2\" content=\"3 minutos\" \/>\n<script type=\"application\/ld+json\" class=\"yoast-schema-graph\">{\"@context\":\"https:\/\/schema.org\",\"@graph\":[{\"@type\":\"Article\",\"@id\":\"https:\/\/revistabica.com\/floripa\/anunciada-a-programacao-do-i-encontro-das-cidades-criativas-unesco-da-gastronomia\/#article\",\"isPartOf\":{\"@id\":\"https:\/\/revistabica.com\/floripa\/anunciada-a-programacao-do-i-encontro-das-cidades-criativas-unesco-da-gastronomia\/\"},\"author\":{\"name\":\"GOSTO DE FLORIPA\",\"@id\":\"https:\/\/revistabica.com\/floripa\/#\/schema\/person\/ad8ad44cae7ea11508c0df241d9c8cd9\"},\"headline\":\"Anunciada a programa\u00e7\u00e3o do I Encontro das Cidades Criativas Unesco da Gastronomia\",\"datePublished\":\"2023-06-15T17:04:29+00:00\",\"dateModified\":\"2023-06-15T17:04:29+00:00\",\"mainEntityOfPage\":{\"@id\":\"https:\/\/revistabica.com\/floripa\/anunciada-a-programacao-do-i-encontro-das-cidades-criativas-unesco-da-gastronomia\/\"},\"wordCount\":433,\"publisher\":{\"@id\":\"https:\/\/revistabica.com\/floripa\/#organization\"},\"articleSection\":[\"Opini\u00e3o\"],\"inLanguage\":\"pt-PT\"},{\"@type\":\"WebPage\",\"@id\":\"https:\/\/revistabica.com\/floripa\/anunciada-a-programacao-do-i-encontro-das-cidades-criativas-unesco-da-gastronomia\/\",\"url\":\"https:\/\/revistabica.com\/floripa\/anunciada-a-programacao-do-i-encontro-das-cidades-criativas-unesco-da-gastronomia\/\",\"name\":\"Anunciada a programa\u00e7\u00e3o do I Encontro das Cidades Criativas Unesco da Gastronomia - GOSTO DE FLORIPA\",\"isPartOf\":{\"@id\":\"https:\/\/revistabica.com\/floripa\/#website\"},\"datePublished\":\"2023-06-15T17:04:29+00:00\",\"dateModified\":\"2023-06-15T17:04:29+00:00\",\"breadcrumb\":{\"@id\":\"https:\/\/revistabica.com\/floripa\/anunciada-a-programacao-do-i-encontro-das-cidades-criativas-unesco-da-gastronomia\/#breadcrumb\"},\"inLanguage\":\"pt-PT\",\"potentialAction\":[{\"@type\":\"ReadAction\",\"target\":[\"https:\/\/revistabica.com\/floripa\/anunciada-a-programacao-do-i-encontro-das-cidades-criativas-unesco-da-gastronomia\/\"]}]},{\"@type\":\"BreadcrumbList\",\"@id\":\"https:\/\/revistabica.com\/floripa\/anunciada-a-programacao-do-i-encontro-das-cidades-criativas-unesco-da-gastronomia\/#breadcrumb\",\"itemListElement\":[{\"@type\":\"ListItem\",\"position\":1,\"name\":\"In\u00edcio\",\"item\":\"https:\/\/revistabica.com\/floripa\/\"},{\"@type\":\"ListItem\",\"position\":2,\"name\":\"Anunciada a programa\u00e7\u00e3o do I Encontro das Cidades Criativas Unesco da Gastronomia\"}]},{\"@type\":\"WebSite\",\"@id\":\"https:\/\/revistabica.com\/floripa\/#website\",\"url\":\"https:\/\/revistabica.com\/floripa\/\",\"name\":\"GOSTO DE FLORIPA\",\"description\":\"SANTA CATARINA\",\"publisher\":{\"@id\":\"https:\/\/revistabica.com\/floripa\/#organization\"},\"potentialAction\":[{\"@type\":\"SearchAction\",\"target\":{\"@type\":\"EntryPoint\",\"urlTemplate\":\"https:\/\/revistabica.com\/floripa\/?s={search_term_string}\"},\"query-input\":\"required name=search_term_string\"}],\"inLanguage\":\"pt-PT\"},{\"@type\":\"Organization\",\"@id\":\"https:\/\/revistabica.com\/floripa\/#organization\",\"name\":\"GOSTO DE FLORIPA\",\"url\":\"https:\/\/revistabica.com\/floripa\/\",\"logo\":{\"@type\":\"ImageObject\",\"inLanguage\":\"pt-PT\",\"@id\":\"https:\/\/revistabica.com\/floripa\/#\/schema\/logo\/image\/\",\"url\":\"https:\/\/revistabica.com\/floripa\/wp-content\/uploads\/2022\/10\/logo-site-branco-03.png\",\"contentUrl\":\"https:\/\/revistabica.com\/floripa\/wp-content\/uploads\/2022\/10\/logo-site-branco-03.png\",\"width\":626,\"height\":209,\"caption\":\"GOSTO DE FLORIPA\"},\"image\":{\"@id\":\"https:\/\/revistabica.com\/floripa\/#\/schema\/logo\/image\/\"}},{\"@type\":\"Person\",\"@id\":\"https:\/\/revistabica.com\/floripa\/#\/schema\/person\/ad8ad44cae7ea11508c0df241d9c8cd9\",\"name\":\"GOSTO DE FLORIPA\",\"image\":{\"@type\":\"ImageObject\",\"inLanguage\":\"pt-PT\",\"@id\":\"https:\/\/revistabica.com\/floripa\/#\/schema\/person\/image\/\",\"url\":\"https:\/\/secure.gravatar.com\/avatar\/2ad7dffdeed4570dd6338c3e1e43403d?s=96&d=mm&r=g\",\"contentUrl\":\"https:\/\/secure.gravatar.com\/avatar\/2ad7dffdeed4570dd6338c3e1e43403d?s=96&d=mm&r=g\",\"caption\":\"GOSTO DE FLORIPA\"},\"sameAs\":[\"design@studiobox.pt\"],\"url\":\"https:\/\/revistabica.com\/floripa\/author\/gosto-de-floripa\/\"}]}<\/script>\n<!-- \/ Yoast SEO plugin. -->","yoast_head_json":{"title":"Anunciada a programa\u00e7\u00e3o do I Encontro das Cidades Criativas Unesco da Gastronomia - GOSTO DE FLORIPA","robots":{"index":"index","follow":"follow","max-snippet":"max-snippet:-1","max-image-preview":"max-image-preview:large","max-video-preview":"max-video-preview:-1"},"canonical":"https:\/\/revistabica.com\/floripa\/anunciada-a-programacao-do-i-encontro-das-cidades-criativas-unesco-da-gastronomia\/","og_locale":"pt_PT","og_type":"article","og_title":"Anunciada a programa\u00e7\u00e3o do I Encontro das Cidades Criativas Unesco da Gastronomia - GOSTO DE FLORIPA","og_description":"Faltam menos de dois meses para o I Encontro das Cidades Criativas Unesco da Gastronomia, e hoje temos o prazer ...","og_url":"https:\/\/revistabica.com\/floripa\/anunciada-a-programacao-do-i-encontro-das-cidades-criativas-unesco-da-gastronomia\/","og_site_name":"GOSTO DE FLORIPA","article_published_time":"2023-06-15T17:04:29+00:00","og_image":[{"width":800,"height":533,"url":"https:\/\/revistabica.com\/floripa\/wp-content\/uploads\/2023\/06\/encontro-gastronomia.jpg","type":"image\/jpeg"}],"author":"GOSTO DE FLORIPA","twitter_card":"summary_large_image","twitter_misc":{"Escrito por":"GOSTO DE FLORIPA","Tempo estimado de leitura":"3 minutos"},"schema":{"@context":"https:\/\/schema.org","@graph":[{"@type":"Article","@id":"https:\/\/revistabica.com\/floripa\/anunciada-a-programacao-do-i-encontro-das-cidades-criativas-unesco-da-gastronomia\/#article","isPartOf":{"@id":"https:\/\/revistabica.com\/floripa\/anunciada-a-programacao-do-i-encontro-das-cidades-criativas-unesco-da-gastronomia\/"},"author":{"name":"GOSTO DE FLORIPA","@id":"https:\/\/revistabica.com\/floripa\/#\/schema\/person\/ad8ad44cae7ea11508c0df241d9c8cd9"},"headline":"Anunciada a programa\u00e7\u00e3o do I Encontro das Cidades Criativas Unesco da Gastronomia","datePublished":"2023-06-15T17:04:29+00:00","dateModified":"2023-06-15T17:04:29+00:00","mainEntityOfPage":{"@id":"https:\/\/revistabica.com\/floripa\/anunciada-a-programacao-do-i-encontro-das-cidades-criativas-unesco-da-gastronomia\/"},"wordCount":433,"publisher":{"@id":"https:\/\/revistabica.com\/floripa\/#organization"},"articleSection":["Opini\u00e3o"],"inLanguage":"pt-PT"},{"@type":"WebPage","@id":"https:\/\/revistabica.com\/floripa\/anunciada-a-programacao-do-i-encontro-das-cidades-criativas-unesco-da-gastronomia\/","url":"https:\/\/revistabica.com\/floripa\/anunciada-a-programacao-do-i-encontro-das-cidades-criativas-unesco-da-gastronomia\/","name":"Anunciada a programa\u00e7\u00e3o do I Encontro das Cidades Criativas Unesco da Gastronomia - GOSTO DE FLORIPA","isPartOf":{"@id":"https:\/\/revistabica.com\/floripa\/#website"},"datePublished":"2023-06-15T17:04:29+00:00","dateModified":"2023-06-15T17:04:29+00:00","breadcrumb":{"@id":"https:\/\/revistabica.com\/floripa\/anunciada-a-programacao-do-i-encontro-das-cidades-criativas-unesco-da-gastronomia\/#breadcrumb"},"inLanguage":"pt-PT","potentialAction":[{"@type":"ReadAction","target":["https:\/\/revistabica.com\/floripa\/anunciada-a-programacao-do-i-encontro-das-cidades-criativas-unesco-da-gastronomia\/"]}]},{"@type":"BreadcrumbList","@id":"https:\/\/revistabica.com\/floripa\/anunciada-a-programacao-do-i-encontro-das-cidades-criativas-unesco-da-gastronomia\/#breadcrumb","itemListElement":[{"@type":"ListItem","position":1,"name":"In\u00edcio","item":"https:\/\/revistabica.com\/floripa\/"},{"@type":"ListItem","position":2,"name":"Anunciada a programa\u00e7\u00e3o do I Encontro das Cidades Criativas Unesco da Gastronomia"}]},{"@type":"WebSite","@id":"https:\/\/revistabica.com\/floripa\/#website","url":"https:\/\/revistabica.com\/floripa\/","name":"GOSTO DE FLORIPA","description":"SANTA CATARINA","publisher":{"@id":"https:\/\/revistabica.com\/floripa\/#organization"},"potentialAction":[{"@type":"SearchAction","target":{"@type":"EntryPoint","urlTemplate":"https:\/\/revistabica.com\/floripa\/?s={search_term_string}"},"query-input":"required name=search_term_string"}],"inLanguage":"pt-PT"},{"@type":"Organization","@id":"https:\/\/revistabica.com\/floripa\/#organization","name":"GOSTO DE FLORIPA","url":"https:\/\/revistabica.com\/floripa\/","logo":{"@type":"ImageObject","inLanguage":"pt-PT","@id":"https:\/\/revistabica.com\/floripa\/#\/schema\/logo\/image\/","url":"https:\/\/revistabica.com\/floripa\/wp-content\/uploads\/2022\/10\/logo-site-branco-03.png","contentUrl":"https:\/\/revistabica.com\/floripa\/wp-content\/uploads\/2022\/10\/logo-site-branco-03.png","width":626,"height":209,"caption":"GOSTO DE FLORIPA"},"image":{"@id":"https:\/\/revistabica.com\/floripa\/#\/schema\/logo\/image\/"}},{"@type":"Person","@id":"https:\/\/revistabica.com\/floripa\/#\/schema\/person\/ad8ad44cae7ea11508c0df241d9c8cd9","name":"GOSTO DE FLORIPA","image":{"@type":"ImageObject","inLanguage":"pt-PT","@id":"https:\/\/revistabica.com\/floripa\/#\/schema\/person\/image\/","url":"https:\/\/secure.gravatar.com\/avatar\/2ad7dffdeed4570dd6338c3e1e43403d?s=96&d=mm&r=g","contentUrl":"https:\/\/secure.gravatar.com\/avatar\/2ad7dffdeed4570dd6338c3e1e43403d?s=96&d=mm&r=g","caption":"GOSTO DE FLORIPA"},"sameAs":["design@studiobox.pt"],"url":"https:\/\/revistabica.com\/floripa\/author\/gosto-de-floripa\/"}]}},"_links":{"self":[{"href":"https:\/\/revistabica.com\/floripa\/wp-json\/wp\/v2\/posts\/17461"}],"collection":[{"href":"https:\/\/revistabica.com\/floripa\/wp-json\/wp\/v2\/posts"}],"about":[{"href":"https:\/\/revistabica.com\/floripa\/wp-json\/wp\/v2\/types\/post"}],"author":[{"embeddable":true,"href":"https:\/\/revistabica.com\/floripa\/wp-json\/wp\/v2\/users\/18"}],"replies":[{"embeddable":true,"href":"https:\/\/revistabica.com\/floripa\/wp-json\/wp\/v2\/comments?post=17461"}],"version-history":[{"count":1,"href":"https:\/\/revistabica.com\/floripa\/wp-json\/wp\/v2\/posts\/17461\/revisions"}],"predecessor-version":[{"id":17464,"href":"https:\/\/revistabica.com\/floripa\/wp-json\/wp\/v2\/posts\/17461\/revisions\/17464"}],"wp:featuredmedia":[{"embeddable":true,"href":"https:\/\/revistabica.com\/floripa\/wp-json\/wp\/v2\/media\/17462"}],"wp:attachment":[{"href":"https:\/\/revistabica.com\/floripa\/wp-json\/wp\/v2\/media?parent=17461"}],"wp:term":[{"taxonomy":"category","embeddable":true,"href":"https:\/\/revistabica.com\/floripa\/wp-json\/wp\/v2\/categories?post=17461"},{"taxonomy":"post_tag","embeddable":true,"href":"https:\/\/revistabica.com\/floripa\/wp-json\/wp\/v2\/tags?post=17461"}],"curies":[{"name":"wp","href":"https:\/\/api.w.org\/{rel}","templated":true}]}}