{"id":17447,"date":"2023-01-07T16:54:28","date_gmt":"2023-01-07T16:54:28","guid":{"rendered":"https:\/\/gostodefloripa.com.br\/?p=17447"},"modified":"2023-01-07T16:54:28","modified_gmt":"2023-01-07T16:54:28","slug":"arte-e-vinho","status":"publish","type":"post","link":"https:\/\/revistabica.com\/floripa\/arte-e-vinho\/","title":{"rendered":"ARTE E VINHO"},"content":{"rendered":"<div class=\"x11i5rnm xat24cr x1mh8g0r x1vvkbs xtlvy1s x126k92a\">\n<div dir=\"auto\">A @vinicolavillafrancioni convidou seis artistas para criar os r\u00f3tulos do vinho Cabernet Franc. De uma safra nobre, o vinho ter\u00e1 seis r\u00f3tulos diferentes, produzidos por Alceu Bett, Britto Velho, Evandro Schiavone, Luciano Martins, Sergio Canfield e Tereza Martorano. A produ\u00e7\u00e3o do novo vinho foi realizada em comemora\u00e7\u00e3o aos 15 anos da vin\u00edcola, celebrado em dezembro de 2020.<\/div>\n<div dir=\"auto\">Os apreciadores do Cabernet Franc poder\u00e3o comprar os exemplares individualmente ou em caixa com as seis unidades, cada qual com um r\u00f3tulo diferente. \u201c\u00c9 uma cole\u00e7\u00e3o de arte, com pinturas impactantes e ao mesmo tempo delicadas, em perfeita harmonia com o Cabernet Franc\u201d, diz o curador do projeto Edson Machado.<\/div>\n<div dir=\"auto\">Conforme o en\u00f3logo Nei Rasera, o novo vinho ficou 14 meses em barris de carvalho franc\u00eas e est\u00e1 h\u00e1 um ano e meio envasado. Segundo ele, o Cabernet Franc \u00e9 um vinho de rubi intenso, ainda muito vivo, com notas de frutas vermelhas, com um leve toque mentolado e bem integrado \u00e0 madeira. E \u00e9 da madeira \u2013 explica Nei \u2013 que derivam os aromas de baunilha, chocolate branco, chocolate amargo, um pouco de tabaco e especiarias. \u201cVinho de corpo m\u00e9dio com \u00f3tima acidez\u201d, diz. O tempo de guarda do novo vinho \u00e9 de aproximadamente 15 anos e ele combina com massas e carnes vermelhas pouco condimentadas.<\/div>\n<div dir=\"auto\"><\/div>\n<div dir=\"auto\">O Cabernet Franc \u00e9 o primeiro tinto varietal da linha Villa Francioni, ou seja, \u00e9 um vinho elaborado com \u00fanico tipo de casta de uva e \u00e9 da safra de 2017, considerada uma das melhores da d\u00e9cada.<\/div>\n<\/div>\n<div class=\"x11i5rnm xat24cr x1mh8g0r x1vvkbs xtlvy1s x126k92a\">\n<div dir=\"auto\">\u201c R\u00f3tulo de Luciano Martins \u2013 Com bom humor, a figura amorosa e rechonchuda do Baco, deus do vinho, brinda-nos com a felicidade da vida. Em sua homenagem, Balacobaco \u00e9 o alegre personagem no tra\u00e7o criativo do artista. \u201c disse Edson Machado<\/div>\n<div dir=\"auto\"><a href=\"https:\/\/gostodefloripa.com.br\/wp-content\/uploads\/2023\/01\/322492204_1458904727973055_6459291810946863166_n.jpg\"><img loading=\"lazy\" class=\"alignnone size-medium wp-image-17448\" src=\"https:\/\/gostodefloripa.com.br\/wp-content\/uploads\/2023\/01\/322492204_1458904727973055_6459291810946863166_n-300x300.jpg\" alt=\"\" width=\"300\" height=\"300\" srcset=\"https:\/\/revistabica.com\/floripa\/wp-content\/uploads\/2023\/01\/322492204_1458904727973055_6459291810946863166_n-300x300.jpg 300w, https:\/\/revistabica.com\/floripa\/wp-content\/uploads\/2023\/01\/322492204_1458904727973055_6459291810946863166_n-150x150.jpg 150w, https:\/\/revistabica.com\/floripa\/wp-content\/uploads\/2023\/01\/322492204_1458904727973055_6459291810946863166_n-768x768.jpg 768w, https:\/\/revistabica.com\/floripa\/wp-content\/uploads\/2023\/01\/322492204_1458904727973055_6459291810946863166_n-80x80.jpg 80w, https:\/\/revistabica.com\/floripa\/wp-content\/uploads\/2023\/01\/322492204_1458904727973055_6459291810946863166_n-600x600.jpg 600w, https:\/\/revistabica.com\/floripa\/wp-content\/uploads\/2023\/01\/322492204_1458904727973055_6459291810946863166_n.jpg 800w\" sizes=\"(max-width: 300px) 100vw, 300px\" \/><\/a><\/div>\n<div dir=\"auto\"><\/div>\n<\/div>\n","protected":false},"excerpt":{"rendered":"<p>A @vinicolavillafrancioni convidou seis artistas para criar os r\u00f3tulos do vinho Cabernet Franc. De uma safra nobre, o vinho ter\u00e1 &#8230;<\/p>\n","protected":false},"author":18,"featured_media":17449,"comment_status":"closed","ping_status":"closed","sticky":false,"template":"","format":"standard","meta":[],"categories":[2,86],"tags":[],"yoast_head":"<!-- This site is optimized with the Yoast SEO plugin v19.9 - https:\/\/yoast.com\/wordpress\/plugins\/seo\/ -->\n<title>ARTE E VINHO - GOSTO DE FLORIPA<\/title>\n<meta name=\"robots\" content=\"index, follow, max-snippet:-1, max-image-preview:large, max-video-preview:-1\" \/>\n<link rel=\"canonical\" href=\"https:\/\/revistabica.com\/floripa\/arte-e-vinho\/\" \/>\n<meta property=\"og:locale\" content=\"pt_PT\" \/>\n<meta property=\"og:type\" content=\"article\" \/>\n<meta property=\"og:title\" content=\"ARTE E VINHO - GOSTO DE FLORIPA\" \/>\n<meta property=\"og:description\" content=\"A @vinicolavillafrancioni convidou seis artistas para criar os r\u00f3tulos do vinho Cabernet Franc. De uma safra nobre, o vinho ter\u00e1 ...\" \/>\n<meta property=\"og:url\" content=\"https:\/\/revistabica.com\/floripa\/arte-e-vinho\/\" \/>\n<meta property=\"og:site_name\" content=\"GOSTO DE FLORIPA\" \/>\n<meta property=\"article:published_time\" content=\"2023-01-07T16:54:28+00:00\" \/>\n<meta property=\"og:image\" content=\"https:\/\/revistabica.com\/floripa\/wp-content\/uploads\/2023\/01\/322487489_1124680608213678_7696510989199144525_n.jpg\" \/>\n\t<meta property=\"og:image:width\" content=\"800\" \/>\n\t<meta property=\"og:image:height\" content=\"1200\" \/>\n\t<meta property=\"og:image:type\" content=\"image\/jpeg\" \/>\n<meta name=\"author\" content=\"GOSTO DE FLORIPA\" \/>\n<meta name=\"twitter:card\" content=\"summary_large_image\" \/>\n<meta name=\"twitter:label1\" content=\"Escrito por\" \/>\n\t<meta name=\"twitter:data1\" content=\"GOSTO DE FLORIPA\" \/>\n\t<meta name=\"twitter:label2\" content=\"Tempo estimado de leitura\" \/>\n\t<meta name=\"twitter:data2\" content=\"2 minutos\" \/>\n<script type=\"application\/ld+json\" class=\"yoast-schema-graph\">{\"@context\":\"https:\/\/schema.org\",\"@graph\":[{\"@type\":\"Article\",\"@id\":\"https:\/\/revistabica.com\/floripa\/arte-e-vinho\/#article\",\"isPartOf\":{\"@id\":\"https:\/\/revistabica.com\/floripa\/arte-e-vinho\/\"},\"author\":{\"name\":\"GOSTO DE FLORIPA\",\"@id\":\"https:\/\/revistabica.com\/floripa\/#\/schema\/person\/ad8ad44cae7ea11508c0df241d9c8cd9\"},\"headline\":\"ARTE E VINHO\",\"datePublished\":\"2023-01-07T16:54:28+00:00\",\"dateModified\":\"2023-01-07T16:54:28+00:00\",\"mainEntityOfPage\":{\"@id\":\"https:\/\/revistabica.com\/floripa\/arte-e-vinho\/\"},\"wordCount\":291,\"publisher\":{\"@id\":\"https:\/\/revistabica.com\/floripa\/#organization\"},\"articleSection\":[\"Arte\",\"Opini\u00e3o\"],\"inLanguage\":\"pt-PT\"},{\"@type\":\"WebPage\",\"@id\":\"https:\/\/revistabica.com\/floripa\/arte-e-vinho\/\",\"url\":\"https:\/\/revistabica.com\/floripa\/arte-e-vinho\/\",\"name\":\"ARTE E VINHO - GOSTO DE FLORIPA\",\"isPartOf\":{\"@id\":\"https:\/\/revistabica.com\/floripa\/#website\"},\"datePublished\":\"2023-01-07T16:54:28+00:00\",\"dateModified\":\"2023-01-07T16:54:28+00:00\",\"breadcrumb\":{\"@id\":\"https:\/\/revistabica.com\/floripa\/arte-e-vinho\/#breadcrumb\"},\"inLanguage\":\"pt-PT\",\"potentialAction\":[{\"@type\":\"ReadAction\",\"target\":[\"https:\/\/revistabica.com\/floripa\/arte-e-vinho\/\"]}]},{\"@type\":\"BreadcrumbList\",\"@id\":\"https:\/\/revistabica.com\/floripa\/arte-e-vinho\/#breadcrumb\",\"itemListElement\":[{\"@type\":\"ListItem\",\"position\":1,\"name\":\"In\u00edcio\",\"item\":\"https:\/\/revistabica.com\/floripa\/\"},{\"@type\":\"ListItem\",\"position\":2,\"name\":\"ARTE E VINHO\"}]},{\"@type\":\"WebSite\",\"@id\":\"https:\/\/revistabica.com\/floripa\/#website\",\"url\":\"https:\/\/revistabica.com\/floripa\/\",\"name\":\"GOSTO DE FLORIPA\",\"description\":\"SANTA CATARINA\",\"publisher\":{\"@id\":\"https:\/\/revistabica.com\/floripa\/#organization\"},\"potentialAction\":[{\"@type\":\"SearchAction\",\"target\":{\"@type\":\"EntryPoint\",\"urlTemplate\":\"https:\/\/revistabica.com\/floripa\/?s={search_term_string}\"},\"query-input\":\"required name=search_term_string\"}],\"inLanguage\":\"pt-PT\"},{\"@type\":\"Organization\",\"@id\":\"https:\/\/revistabica.com\/floripa\/#organization\",\"name\":\"GOSTO DE FLORIPA\",\"url\":\"https:\/\/revistabica.com\/floripa\/\",\"logo\":{\"@type\":\"ImageObject\",\"inLanguage\":\"pt-PT\",\"@id\":\"https:\/\/revistabica.com\/floripa\/#\/schema\/logo\/image\/\",\"url\":\"https:\/\/revistabica.com\/floripa\/wp-content\/uploads\/2022\/10\/logo-site-branco-03.png\",\"contentUrl\":\"https:\/\/revistabica.com\/floripa\/wp-content\/uploads\/2022\/10\/logo-site-branco-03.png\",\"width\":626,\"height\":209,\"caption\":\"GOSTO DE FLORIPA\"},\"image\":{\"@id\":\"https:\/\/revistabica.com\/floripa\/#\/schema\/logo\/image\/\"}},{\"@type\":\"Person\",\"@id\":\"https:\/\/revistabica.com\/floripa\/#\/schema\/person\/ad8ad44cae7ea11508c0df241d9c8cd9\",\"name\":\"GOSTO DE FLORIPA\",\"image\":{\"@type\":\"ImageObject\",\"inLanguage\":\"pt-PT\",\"@id\":\"https:\/\/revistabica.com\/floripa\/#\/schema\/person\/image\/\",\"url\":\"https:\/\/secure.gravatar.com\/avatar\/2ad7dffdeed4570dd6338c3e1e43403d?s=96&d=mm&r=g\",\"contentUrl\":\"https:\/\/secure.gravatar.com\/avatar\/2ad7dffdeed4570dd6338c3e1e43403d?s=96&d=mm&r=g\",\"caption\":\"GOSTO DE FLORIPA\"},\"sameAs\":[\"design@studiobox.pt\"],\"url\":\"https:\/\/revistabica.com\/floripa\/author\/gosto-de-floripa\/\"}]}<\/script>\n<!-- \/ Yoast SEO plugin. -->","yoast_head_json":{"title":"ARTE E VINHO - GOSTO DE FLORIPA","robots":{"index":"index","follow":"follow","max-snippet":"max-snippet:-1","max-image-preview":"max-image-preview:large","max-video-preview":"max-video-preview:-1"},"canonical":"https:\/\/revistabica.com\/floripa\/arte-e-vinho\/","og_locale":"pt_PT","og_type":"article","og_title":"ARTE E VINHO - GOSTO DE FLORIPA","og_description":"A @vinicolavillafrancioni convidou seis artistas para criar os r\u00f3tulos do vinho Cabernet Franc. De uma safra nobre, o vinho ter\u00e1 ...","og_url":"https:\/\/revistabica.com\/floripa\/arte-e-vinho\/","og_site_name":"GOSTO DE FLORIPA","article_published_time":"2023-01-07T16:54:28+00:00","og_image":[{"width":800,"height":1200,"url":"https:\/\/revistabica.com\/floripa\/wp-content\/uploads\/2023\/01\/322487489_1124680608213678_7696510989199144525_n.jpg","type":"image\/jpeg"}],"author":"GOSTO DE FLORIPA","twitter_card":"summary_large_image","twitter_misc":{"Escrito por":"GOSTO DE FLORIPA","Tempo estimado de leitura":"2 minutos"},"schema":{"@context":"https:\/\/schema.org","@graph":[{"@type":"Article","@id":"https:\/\/revistabica.com\/floripa\/arte-e-vinho\/#article","isPartOf":{"@id":"https:\/\/revistabica.com\/floripa\/arte-e-vinho\/"},"author":{"name":"GOSTO DE FLORIPA","@id":"https:\/\/revistabica.com\/floripa\/#\/schema\/person\/ad8ad44cae7ea11508c0df241d9c8cd9"},"headline":"ARTE E VINHO","datePublished":"2023-01-07T16:54:28+00:00","dateModified":"2023-01-07T16:54:28+00:00","mainEntityOfPage":{"@id":"https:\/\/revistabica.com\/floripa\/arte-e-vinho\/"},"wordCount":291,"publisher":{"@id":"https:\/\/revistabica.com\/floripa\/#organization"},"articleSection":["Arte","Opini\u00e3o"],"inLanguage":"pt-PT"},{"@type":"WebPage","@id":"https:\/\/revistabica.com\/floripa\/arte-e-vinho\/","url":"https:\/\/revistabica.com\/floripa\/arte-e-vinho\/","name":"ARTE E VINHO - GOSTO DE FLORIPA","isPartOf":{"@id":"https:\/\/revistabica.com\/floripa\/#website"},"datePublished":"2023-01-07T16:54:28+00:00","dateModified":"2023-01-07T16:54:28+00:00","breadcrumb":{"@id":"https:\/\/revistabica.com\/floripa\/arte-e-vinho\/#breadcrumb"},"inLanguage":"pt-PT","potentialAction":[{"@type":"ReadAction","target":["https:\/\/revistabica.com\/floripa\/arte-e-vinho\/"]}]},{"@type":"BreadcrumbList","@id":"https:\/\/revistabica.com\/floripa\/arte-e-vinho\/#breadcrumb","itemListElement":[{"@type":"ListItem","position":1,"name":"In\u00edcio","item":"https:\/\/revistabica.com\/floripa\/"},{"@type":"ListItem","position":2,"name":"ARTE E VINHO"}]},{"@type":"WebSite","@id":"https:\/\/revistabica.com\/floripa\/#website","url":"https:\/\/revistabica.com\/floripa\/","name":"GOSTO DE FLORIPA","description":"SANTA CATARINA","publisher":{"@id":"https:\/\/revistabica.com\/floripa\/#organization"},"potentialAction":[{"@type":"SearchAction","target":{"@type":"EntryPoint","urlTemplate":"https:\/\/revistabica.com\/floripa\/?s={search_term_string}"},"query-input":"required name=search_term_string"}],"inLanguage":"pt-PT"},{"@type":"Organization","@id":"https:\/\/revistabica.com\/floripa\/#organization","name":"GOSTO DE FLORIPA","url":"https:\/\/revistabica.com\/floripa\/","logo":{"@type":"ImageObject","inLanguage":"pt-PT","@id":"https:\/\/revistabica.com\/floripa\/#\/schema\/logo\/image\/","url":"https:\/\/revistabica.com\/floripa\/wp-content\/uploads\/2022\/10\/logo-site-branco-03.png","contentUrl":"https:\/\/revistabica.com\/floripa\/wp-content\/uploads\/2022\/10\/logo-site-branco-03.png","width":626,"height":209,"caption":"GOSTO DE FLORIPA"},"image":{"@id":"https:\/\/revistabica.com\/floripa\/#\/schema\/logo\/image\/"}},{"@type":"Person","@id":"https:\/\/revistabica.com\/floripa\/#\/schema\/person\/ad8ad44cae7ea11508c0df241d9c8cd9","name":"GOSTO DE FLORIPA","image":{"@type":"ImageObject","inLanguage":"pt-PT","@id":"https:\/\/revistabica.com\/floripa\/#\/schema\/person\/image\/","url":"https:\/\/secure.gravatar.com\/avatar\/2ad7dffdeed4570dd6338c3e1e43403d?s=96&d=mm&r=g","contentUrl":"https:\/\/secure.gravatar.com\/avatar\/2ad7dffdeed4570dd6338c3e1e43403d?s=96&d=mm&r=g","caption":"GOSTO DE FLORIPA"},"sameAs":["design@studiobox.pt"],"url":"https:\/\/revistabica.com\/floripa\/author\/gosto-de-floripa\/"}]}},"_links":{"self":[{"href":"https:\/\/revistabica.com\/floripa\/wp-json\/wp\/v2\/posts\/17447"}],"collection":[{"href":"https:\/\/revistabica.com\/floripa\/wp-json\/wp\/v2\/posts"}],"about":[{"href":"https:\/\/revistabica.com\/floripa\/wp-json\/wp\/v2\/types\/post"}],"author":[{"embeddable":true,"href":"https:\/\/revistabica.com\/floripa\/wp-json\/wp\/v2\/users\/18"}],"replies":[{"embeddable":true,"href":"https:\/\/revistabica.com\/floripa\/wp-json\/wp\/v2\/comments?post=17447"}],"version-history":[{"count":1,"href":"https:\/\/revistabica.com\/floripa\/wp-json\/wp\/v2\/posts\/17447\/revisions"}],"predecessor-version":[{"id":17450,"href":"https:\/\/revistabica.com\/floripa\/wp-json\/wp\/v2\/posts\/17447\/revisions\/17450"}],"wp:featuredmedia":[{"embeddable":true,"href":"https:\/\/revistabica.com\/floripa\/wp-json\/wp\/v2\/media\/17449"}],"wp:attachment":[{"href":"https:\/\/revistabica.com\/floripa\/wp-json\/wp\/v2\/media?parent=17447"}],"wp:term":[{"taxonomy":"category","embeddable":true,"href":"https:\/\/revistabica.com\/floripa\/wp-json\/wp\/v2\/categories?post=17447"},{"taxonomy":"post_tag","embeddable":true,"href":"https:\/\/revistabica.com\/floripa\/wp-json\/wp\/v2\/tags?post=17447"}],"curies":[{"name":"wp","href":"https:\/\/api.w.org\/{rel}","templated":true}]}}