{"id":17392,"date":"2022-11-04T22:05:56","date_gmt":"2022-11-04T22:05:56","guid":{"rendered":"https:\/\/gostodefloripa.com.br\/?p=17392"},"modified":"2022-12-27T16:48:08","modified_gmt":"2022-12-27T16:48:08","slug":"semana-da-cerveja-brasileira","status":"publish","type":"post","link":"https:\/\/revistabica.com\/floripa\/semana-da-cerveja-brasileira\/","title":{"rendered":"Semana da Cerveja Brasileira"},"content":{"rendered":"<p>As cria\u00e7\u00f5es de Luciano Martins e sustentabilidade inspiram a Semana da Cerveja Brasileira Camisetas ter\u00e3o tecidos com fibras recicl\u00e1veis de PET<br \/>\n\u200bA arte de Luciano Martins ser\u00e1 o diferencial da linha de comunica\u00e7\u00e3o visual e dos produtos de marca pr\u00f3pria da Semana Cerveja Brasileira, programada para os dias 05 a 10 de mar\u00e7o do pr\u00f3ximo ano, em Blumenau (SC), uma iniciativa da Associa\u00e7\u00e3o Blumenauense de Turismo, Eventos e Cultura (Ablutec). \u201cLuciano Martins \u00e9 um artista consagrado nacionalmente, que concebeu um estilo contempor\u00e2neo e conectado com o mundo cervejeiro artesanal\u201d, considera Develon da Rocha, presidente da Ablutec.<br \/>\n\u200b<\/p>\n<p>A Semana da Cerveja Brasileira agrega os cinco mais importantes eventos do setor \u2013 a Confer\u00eancia Internacional de Concursos de Cerveja (1\u00aa edi\u00e7\u00e3o), o Concurso Brasileiro de Cervejas, a Comenda da Cerveja Brasileira, o Congresso Internacional da Cerveja, a Feira Brasileira da Cerveja e o Festival Brasileiro da Cerveja. \u201cCriar as refer\u00eancias visuais desses eventos foi um desafio interessante, interpretando os valores e as aspira\u00e7\u00f5es de um p\u00fablico amplo, que tem a o bom-gosto pela cerveja artesanal como converg\u00eancia\u201d, explica o artista pl\u00e1stico.<br \/>\n\u200b<\/p>\n<p>As camisetas e os copos no estilo caldereta (300 ml) ser\u00e3o os produtos de ponta do evento de 2023, com estampas e adesivagens exclusivas. Nas camisetas, mais uma importante inova\u00e7\u00e3o, marcada pela sustentabilidade: produzidas pela Econtexto, de Curitiba, suas fibras combinam 50% de algod\u00e3o e 50% de poli\u00e9ster de PET reciclado. \u201cFocamos no consumo saud\u00e1vel, harmonizando mensagens e cria\u00e7\u00f5es art\u00edsticas \u00e0s mat\u00e9rias-primas recicladas ou sustent\u00e1veis em nossa linha de produtos\u201d, descreve Alu\u00edsio de Paula, propriet\u00e1rio da Econtexto. Sediada em Curitiba e com mais de 15 anos de mercado, a empresa tem clientes como Stone Pagamentos, Rock in Rio, Fiat, Positivo e Case New Holland.<\/p>\n","protected":false},"excerpt":{"rendered":"<p>As cria\u00e7\u00f5es de Luciano Martins e sustentabilidade inspiram a Semana da Cerveja Brasileira Camisetas ter\u00e3o tecidos com fibras recicl\u00e1veis de &#8230;<\/p>\n","protected":false},"author":18,"featured_media":17393,"comment_status":"closed","ping_status":"closed","sticky":false,"template":"","format":"standard","meta":[],"categories":[3,2,86],"tags":[],"yoast_head":"<!-- This site is optimized with the Yoast SEO plugin v19.9 - https:\/\/yoast.com\/wordpress\/plugins\/seo\/ -->\n<title>Semana da Cerveja Brasileira - GOSTO DE FLORIPA<\/title>\n<meta name=\"robots\" content=\"index, follow, max-snippet:-1, max-image-preview:large, max-video-preview:-1\" \/>\n<link rel=\"canonical\" href=\"https:\/\/revistabica.com\/floripa\/semana-da-cerveja-brasileira\/\" \/>\n<meta property=\"og:locale\" content=\"pt_PT\" \/>\n<meta property=\"og:type\" content=\"article\" \/>\n<meta property=\"og:title\" content=\"Semana da Cerveja Brasileira - GOSTO DE FLORIPA\" \/>\n<meta property=\"og:description\" content=\"As cria\u00e7\u00f5es de Luciano Martins e sustentabilidade inspiram a Semana da Cerveja Brasileira Camisetas ter\u00e3o tecidos com fibras recicl\u00e1veis de ...\" \/>\n<meta property=\"og:url\" content=\"https:\/\/revistabica.com\/floripa\/semana-da-cerveja-brasileira\/\" \/>\n<meta property=\"og:site_name\" content=\"GOSTO DE FLORIPA\" \/>\n<meta property=\"article:published_time\" content=\"2022-11-04T22:05:56+00:00\" \/>\n<meta property=\"article:modified_time\" content=\"2022-12-27T16:48:08+00:00\" \/>\n<meta property=\"og:image\" content=\"https:\/\/revistabica.com\/floripa\/wp-content\/uploads\/2022\/12\/Luciano.jpg\" \/>\n\t<meta property=\"og:image:width\" content=\"793\" \/>\n\t<meta property=\"og:image:height\" content=\"550\" \/>\n\t<meta property=\"og:image:type\" content=\"image\/jpeg\" \/>\n<meta name=\"author\" content=\"GOSTO DE FLORIPA\" \/>\n<meta name=\"twitter:card\" content=\"summary_large_image\" \/>\n<meta name=\"twitter:label1\" content=\"Escrito por\" \/>\n\t<meta name=\"twitter:data1\" content=\"GOSTO DE FLORIPA\" \/>\n\t<meta name=\"twitter:label2\" content=\"Tempo estimado de leitura\" \/>\n\t<meta name=\"twitter:data2\" content=\"2 minutos\" \/>\n<script type=\"application\/ld+json\" class=\"yoast-schema-graph\">{\"@context\":\"https:\/\/schema.org\",\"@graph\":[{\"@type\":\"Article\",\"@id\":\"https:\/\/revistabica.com\/floripa\/semana-da-cerveja-brasileira\/#article\",\"isPartOf\":{\"@id\":\"https:\/\/revistabica.com\/floripa\/semana-da-cerveja-brasileira\/\"},\"author\":{\"name\":\"GOSTO DE FLORIPA\",\"@id\":\"https:\/\/revistabica.com\/floripa\/#\/schema\/person\/ad8ad44cae7ea11508c0df241d9c8cd9\"},\"headline\":\"Semana da Cerveja Brasileira\",\"datePublished\":\"2022-11-04T22:05:56+00:00\",\"dateModified\":\"2022-12-27T16:48:08+00:00\",\"mainEntityOfPage\":{\"@id\":\"https:\/\/revistabica.com\/floripa\/semana-da-cerveja-brasileira\/\"},\"wordCount\":304,\"publisher\":{\"@id\":\"https:\/\/revistabica.com\/floripa\/#organization\"},\"articleSection\":[\"Acontece\",\"Arte\",\"Opini\u00e3o\"],\"inLanguage\":\"pt-PT\"},{\"@type\":\"WebPage\",\"@id\":\"https:\/\/revistabica.com\/floripa\/semana-da-cerveja-brasileira\/\",\"url\":\"https:\/\/revistabica.com\/floripa\/semana-da-cerveja-brasileira\/\",\"name\":\"Semana da Cerveja Brasileira - GOSTO DE FLORIPA\",\"isPartOf\":{\"@id\":\"https:\/\/revistabica.com\/floripa\/#website\"},\"datePublished\":\"2022-11-04T22:05:56+00:00\",\"dateModified\":\"2022-12-27T16:48:08+00:00\",\"breadcrumb\":{\"@id\":\"https:\/\/revistabica.com\/floripa\/semana-da-cerveja-brasileira\/#breadcrumb\"},\"inLanguage\":\"pt-PT\",\"potentialAction\":[{\"@type\":\"ReadAction\",\"target\":[\"https:\/\/revistabica.com\/floripa\/semana-da-cerveja-brasileira\/\"]}]},{\"@type\":\"BreadcrumbList\",\"@id\":\"https:\/\/revistabica.com\/floripa\/semana-da-cerveja-brasileira\/#breadcrumb\",\"itemListElement\":[{\"@type\":\"ListItem\",\"position\":1,\"name\":\"In\u00edcio\",\"item\":\"https:\/\/revistabica.com\/floripa\/\"},{\"@type\":\"ListItem\",\"position\":2,\"name\":\"Semana da Cerveja Brasileira\"}]},{\"@type\":\"WebSite\",\"@id\":\"https:\/\/revistabica.com\/floripa\/#website\",\"url\":\"https:\/\/revistabica.com\/floripa\/\",\"name\":\"GOSTO DE FLORIPA\",\"description\":\"SANTA CATARINA\",\"publisher\":{\"@id\":\"https:\/\/revistabica.com\/floripa\/#organization\"},\"potentialAction\":[{\"@type\":\"SearchAction\",\"target\":{\"@type\":\"EntryPoint\",\"urlTemplate\":\"https:\/\/revistabica.com\/floripa\/?s={search_term_string}\"},\"query-input\":\"required name=search_term_string\"}],\"inLanguage\":\"pt-PT\"},{\"@type\":\"Organization\",\"@id\":\"https:\/\/revistabica.com\/floripa\/#organization\",\"name\":\"GOSTO DE FLORIPA\",\"url\":\"https:\/\/revistabica.com\/floripa\/\",\"logo\":{\"@type\":\"ImageObject\",\"inLanguage\":\"pt-PT\",\"@id\":\"https:\/\/revistabica.com\/floripa\/#\/schema\/logo\/image\/\",\"url\":\"https:\/\/revistabica.com\/floripa\/wp-content\/uploads\/2022\/10\/logo-site-branco-03.png\",\"contentUrl\":\"https:\/\/revistabica.com\/floripa\/wp-content\/uploads\/2022\/10\/logo-site-branco-03.png\",\"width\":626,\"height\":209,\"caption\":\"GOSTO DE FLORIPA\"},\"image\":{\"@id\":\"https:\/\/revistabica.com\/floripa\/#\/schema\/logo\/image\/\"}},{\"@type\":\"Person\",\"@id\":\"https:\/\/revistabica.com\/floripa\/#\/schema\/person\/ad8ad44cae7ea11508c0df241d9c8cd9\",\"name\":\"GOSTO DE FLORIPA\",\"image\":{\"@type\":\"ImageObject\",\"inLanguage\":\"pt-PT\",\"@id\":\"https:\/\/revistabica.com\/floripa\/#\/schema\/person\/image\/\",\"url\":\"https:\/\/secure.gravatar.com\/avatar\/2ad7dffdeed4570dd6338c3e1e43403d?s=96&d=mm&r=g\",\"contentUrl\":\"https:\/\/secure.gravatar.com\/avatar\/2ad7dffdeed4570dd6338c3e1e43403d?s=96&d=mm&r=g\",\"caption\":\"GOSTO DE FLORIPA\"},\"sameAs\":[\"design@studiobox.pt\"],\"url\":\"https:\/\/revistabica.com\/floripa\/author\/gosto-de-floripa\/\"}]}<\/script>\n<!-- \/ Yoast SEO plugin. -->","yoast_head_json":{"title":"Semana da Cerveja Brasileira - GOSTO DE FLORIPA","robots":{"index":"index","follow":"follow","max-snippet":"max-snippet:-1","max-image-preview":"max-image-preview:large","max-video-preview":"max-video-preview:-1"},"canonical":"https:\/\/revistabica.com\/floripa\/semana-da-cerveja-brasileira\/","og_locale":"pt_PT","og_type":"article","og_title":"Semana da Cerveja Brasileira - GOSTO DE FLORIPA","og_description":"As cria\u00e7\u00f5es de Luciano Martins e sustentabilidade inspiram a Semana da Cerveja Brasileira Camisetas ter\u00e3o tecidos com fibras recicl\u00e1veis de ...","og_url":"https:\/\/revistabica.com\/floripa\/semana-da-cerveja-brasileira\/","og_site_name":"GOSTO DE FLORIPA","article_published_time":"2022-11-04T22:05:56+00:00","article_modified_time":"2022-12-27T16:48:08+00:00","og_image":[{"width":793,"height":550,"url":"https:\/\/revistabica.com\/floripa\/wp-content\/uploads\/2022\/12\/Luciano.jpg","type":"image\/jpeg"}],"author":"GOSTO DE FLORIPA","twitter_card":"summary_large_image","twitter_misc":{"Escrito por":"GOSTO DE FLORIPA","Tempo estimado de leitura":"2 minutos"},"schema":{"@context":"https:\/\/schema.org","@graph":[{"@type":"Article","@id":"https:\/\/revistabica.com\/floripa\/semana-da-cerveja-brasileira\/#article","isPartOf":{"@id":"https:\/\/revistabica.com\/floripa\/semana-da-cerveja-brasileira\/"},"author":{"name":"GOSTO DE FLORIPA","@id":"https:\/\/revistabica.com\/floripa\/#\/schema\/person\/ad8ad44cae7ea11508c0df241d9c8cd9"},"headline":"Semana da Cerveja Brasileira","datePublished":"2022-11-04T22:05:56+00:00","dateModified":"2022-12-27T16:48:08+00:00","mainEntityOfPage":{"@id":"https:\/\/revistabica.com\/floripa\/semana-da-cerveja-brasileira\/"},"wordCount":304,"publisher":{"@id":"https:\/\/revistabica.com\/floripa\/#organization"},"articleSection":["Acontece","Arte","Opini\u00e3o"],"inLanguage":"pt-PT"},{"@type":"WebPage","@id":"https:\/\/revistabica.com\/floripa\/semana-da-cerveja-brasileira\/","url":"https:\/\/revistabica.com\/floripa\/semana-da-cerveja-brasileira\/","name":"Semana da Cerveja Brasileira - GOSTO DE FLORIPA","isPartOf":{"@id":"https:\/\/revistabica.com\/floripa\/#website"},"datePublished":"2022-11-04T22:05:56+00:00","dateModified":"2022-12-27T16:48:08+00:00","breadcrumb":{"@id":"https:\/\/revistabica.com\/floripa\/semana-da-cerveja-brasileira\/#breadcrumb"},"inLanguage":"pt-PT","potentialAction":[{"@type":"ReadAction","target":["https:\/\/revistabica.com\/floripa\/semana-da-cerveja-brasileira\/"]}]},{"@type":"BreadcrumbList","@id":"https:\/\/revistabica.com\/floripa\/semana-da-cerveja-brasileira\/#breadcrumb","itemListElement":[{"@type":"ListItem","position":1,"name":"In\u00edcio","item":"https:\/\/revistabica.com\/floripa\/"},{"@type":"ListItem","position":2,"name":"Semana da Cerveja Brasileira"}]},{"@type":"WebSite","@id":"https:\/\/revistabica.com\/floripa\/#website","url":"https:\/\/revistabica.com\/floripa\/","name":"GOSTO DE FLORIPA","description":"SANTA CATARINA","publisher":{"@id":"https:\/\/revistabica.com\/floripa\/#organization"},"potentialAction":[{"@type":"SearchAction","target":{"@type":"EntryPoint","urlTemplate":"https:\/\/revistabica.com\/floripa\/?s={search_term_string}"},"query-input":"required name=search_term_string"}],"inLanguage":"pt-PT"},{"@type":"Organization","@id":"https:\/\/revistabica.com\/floripa\/#organization","name":"GOSTO DE FLORIPA","url":"https:\/\/revistabica.com\/floripa\/","logo":{"@type":"ImageObject","inLanguage":"pt-PT","@id":"https:\/\/revistabica.com\/floripa\/#\/schema\/logo\/image\/","url":"https:\/\/revistabica.com\/floripa\/wp-content\/uploads\/2022\/10\/logo-site-branco-03.png","contentUrl":"https:\/\/revistabica.com\/floripa\/wp-content\/uploads\/2022\/10\/logo-site-branco-03.png","width":626,"height":209,"caption":"GOSTO DE FLORIPA"},"image":{"@id":"https:\/\/revistabica.com\/floripa\/#\/schema\/logo\/image\/"}},{"@type":"Person","@id":"https:\/\/revistabica.com\/floripa\/#\/schema\/person\/ad8ad44cae7ea11508c0df241d9c8cd9","name":"GOSTO DE FLORIPA","image":{"@type":"ImageObject","inLanguage":"pt-PT","@id":"https:\/\/revistabica.com\/floripa\/#\/schema\/person\/image\/","url":"https:\/\/secure.gravatar.com\/avatar\/2ad7dffdeed4570dd6338c3e1e43403d?s=96&d=mm&r=g","contentUrl":"https:\/\/secure.gravatar.com\/avatar\/2ad7dffdeed4570dd6338c3e1e43403d?s=96&d=mm&r=g","caption":"GOSTO DE FLORIPA"},"sameAs":["design@studiobox.pt"],"url":"https:\/\/revistabica.com\/floripa\/author\/gosto-de-floripa\/"}]}},"_links":{"self":[{"href":"https:\/\/revistabica.com\/floripa\/wp-json\/wp\/v2\/posts\/17392"}],"collection":[{"href":"https:\/\/revistabica.com\/floripa\/wp-json\/wp\/v2\/posts"}],"about":[{"href":"https:\/\/revistabica.com\/floripa\/wp-json\/wp\/v2\/types\/post"}],"author":[{"embeddable":true,"href":"https:\/\/revistabica.com\/floripa\/wp-json\/wp\/v2\/users\/18"}],"replies":[{"embeddable":true,"href":"https:\/\/revistabica.com\/floripa\/wp-json\/wp\/v2\/comments?post=17392"}],"version-history":[{"count":1,"href":"https:\/\/revistabica.com\/floripa\/wp-json\/wp\/v2\/posts\/17392\/revisions"}],"predecessor-version":[{"id":17394,"href":"https:\/\/revistabica.com\/floripa\/wp-json\/wp\/v2\/posts\/17392\/revisions\/17394"}],"wp:featuredmedia":[{"embeddable":true,"href":"https:\/\/revistabica.com\/floripa\/wp-json\/wp\/v2\/media\/17393"}],"wp:attachment":[{"href":"https:\/\/revistabica.com\/floripa\/wp-json\/wp\/v2\/media?parent=17392"}],"wp:term":[{"taxonomy":"category","embeddable":true,"href":"https:\/\/revistabica.com\/floripa\/wp-json\/wp\/v2\/categories?post=17392"},{"taxonomy":"post_tag","embeddable":true,"href":"https:\/\/revistabica.com\/floripa\/wp-json\/wp\/v2\/tags?post=17392"}],"curies":[{"name":"wp","href":"https:\/\/api.w.org\/{rel}","templated":true}]}}