{"id":17365,"date":"2022-11-14T22:26:55","date_gmt":"2022-11-14T22:26:55","guid":{"rendered":"https:\/\/gostodefloripa.com.br\/?p=17365"},"modified":"2022-11-14T22:26:55","modified_gmt":"2022-11-14T22:26:55","slug":"festival-fartura-florianopolis","status":"publish","type":"post","link":"https:\/\/revistabica.com\/floripa\/festival-fartura-florianopolis\/","title":{"rendered":"Festival Fartura Florian\u00f3polis"},"content":{"rendered":"<p><strong>Pela primeira vez em Florian\u00f3polis<\/strong>, o Festival Fartura desembarca no restaurante El Se\u00f1or Asador de Brasa, do chef Alysson M\u00fcller, que recebe a empreendedora e chef Danielle Dahoui (Ruella Bistr\u00f4), para um\u00a0<strong>jantar especial no dia 17 de novembro.<\/strong><\/p>\n<p>A Temporada Fartura \u00e9 apresentada pelo Minist\u00e9rio do Turismo, Governo de Minas Gerais e Fartura Gastronomia, executado por meio das Leis Federal de Incentivo \u00e0 Cultura e Estadual de Incentivo \u00e0 Cultura de Minas Gerais. A realiza\u00e7\u00e3o \u00e9 da Arte Projeto, Governo de Minas Gerais, Secretaria Especial da Cultura e Minist\u00e9rio do Turismo. Apoio Institucional do Minist\u00e9rio das Rela\u00e7\u00f5es Exteriores.<\/p>\n<p><strong>Festival Fartura Gastronomia \u2013 Florian\u00f3polis<\/strong><\/p>\n<p><strong>17 de novembro \u2013 20h<\/strong><br \/>\nJantar com Alysson M\u00fcller e Danielle Dahoui<br \/>\nEl Se\u00f1or Asador de Brasa \u2013 R. Bocai\u00fava, 2098 \u2013 Centro, Florian\u00f3polis<br \/>\nReservas: (48) 31132088<\/p>\n<p><strong>Roteiro Gastron\u00f4mico \u2013 Temporada Fartura\u00a0<\/strong><br \/>\n<strong>10 a 20 de novembro<\/strong><br \/>\nLK Hotel, restaurante Osli (R. Bocai\u00fava, 1755 \u2013 Centro)<br \/>\nNipo Sushi (Beiramar Shopping \u2013 R. Bocai\u00fava, 2468 \u2013 Centro)<br \/>\nCasa de Ch\u00e1 Mayra Pauli (R. Cap. Amaro Seixas Ribeiro, 321 \u2013 Santa Monica)<br \/>\nPorto dos Guar\u00e1s (Estrada Haroldo Soares Glavan, 1980 \u2013 Cacup\u00e9)<br \/>\nRabo Di Galo (R. Clodorico Moreira, 23 \u2013 Santa Monica)<\/p>\n<p>Fonte: farturabrasil.com.br<\/p>\n","protected":false},"excerpt":{"rendered":"<p>Pela primeira vez em Florian\u00f3polis, o Festival Fartura desembarca no restaurante El Se\u00f1or Asador de Brasa, do chef Alysson M\u00fcller, &#8230;<\/p>\n","protected":false},"author":18,"featured_media":17366,"comment_status":"closed","ping_status":"closed","sticky":false,"template":"","format":"standard","meta":[],"categories":[3,86],"tags":[],"yoast_head":"<!-- This site is optimized with the Yoast SEO plugin v19.9 - https:\/\/yoast.com\/wordpress\/plugins\/seo\/ -->\n<title>Festival Fartura Florian\u00f3polis - GOSTO DE FLORIPA<\/title>\n<meta name=\"robots\" content=\"index, follow, max-snippet:-1, max-image-preview:large, max-video-preview:-1\" \/>\n<link rel=\"canonical\" href=\"https:\/\/revistabica.com\/floripa\/festival-fartura-florianopolis\/\" \/>\n<meta property=\"og:locale\" content=\"pt_PT\" \/>\n<meta property=\"og:type\" content=\"article\" \/>\n<meta property=\"og:title\" content=\"Festival Fartura Florian\u00f3polis - GOSTO DE FLORIPA\" \/>\n<meta property=\"og:description\" content=\"Pela primeira vez em Florian\u00f3polis, o Festival Fartura desembarca no restaurante El Se\u00f1or Asador de Brasa, do chef Alysson M\u00fcller, ...\" \/>\n<meta property=\"og:url\" content=\"https:\/\/revistabica.com\/floripa\/festival-fartura-florianopolis\/\" \/>\n<meta property=\"og:site_name\" content=\"GOSTO DE FLORIPA\" \/>\n<meta property=\"article:published_time\" content=\"2022-11-14T22:26:55+00:00\" \/>\n<meta property=\"og:image\" content=\"https:\/\/revistabica.com\/floripa\/wp-content\/uploads\/2022\/11\/1862cef6-c1d2-4240-b250-5318b3b22541.jpg\" \/>\n\t<meta property=\"og:image:width\" content=\"800\" \/>\n\t<meta property=\"og:image:height\" content=\"800\" \/>\n\t<meta property=\"og:image:type\" content=\"image\/jpeg\" \/>\n<meta name=\"author\" content=\"GOSTO DE FLORIPA\" \/>\n<meta name=\"twitter:card\" content=\"summary_large_image\" \/>\n<meta name=\"twitter:label1\" content=\"Escrito por\" \/>\n\t<meta name=\"twitter:data1\" content=\"GOSTO DE FLORIPA\" \/>\n\t<meta name=\"twitter:label2\" content=\"Tempo estimado de leitura\" \/>\n\t<meta name=\"twitter:data2\" content=\"2 minutos\" \/>\n<script type=\"application\/ld+json\" class=\"yoast-schema-graph\">{\"@context\":\"https:\/\/schema.org\",\"@graph\":[{\"@type\":\"Article\",\"@id\":\"https:\/\/revistabica.com\/floripa\/festival-fartura-florianopolis\/#article\",\"isPartOf\":{\"@id\":\"https:\/\/revistabica.com\/floripa\/festival-fartura-florianopolis\/\"},\"author\":{\"name\":\"GOSTO DE FLORIPA\",\"@id\":\"https:\/\/revistabica.com\/floripa\/#\/schema\/person\/ad8ad44cae7ea11508c0df241d9c8cd9\"},\"headline\":\"Festival Fartura Florian\u00f3polis\",\"datePublished\":\"2022-11-14T22:26:55+00:00\",\"dateModified\":\"2022-11-14T22:26:55+00:00\",\"mainEntityOfPage\":{\"@id\":\"https:\/\/revistabica.com\/floripa\/festival-fartura-florianopolis\/\"},\"wordCount\":192,\"publisher\":{\"@id\":\"https:\/\/revistabica.com\/floripa\/#organization\"},\"articleSection\":[\"Acontece\",\"Opini\u00e3o\"],\"inLanguage\":\"pt-PT\"},{\"@type\":\"WebPage\",\"@id\":\"https:\/\/revistabica.com\/floripa\/festival-fartura-florianopolis\/\",\"url\":\"https:\/\/revistabica.com\/floripa\/festival-fartura-florianopolis\/\",\"name\":\"Festival Fartura Florian\u00f3polis - GOSTO DE FLORIPA\",\"isPartOf\":{\"@id\":\"https:\/\/revistabica.com\/floripa\/#website\"},\"datePublished\":\"2022-11-14T22:26:55+00:00\",\"dateModified\":\"2022-11-14T22:26:55+00:00\",\"breadcrumb\":{\"@id\":\"https:\/\/revistabica.com\/floripa\/festival-fartura-florianopolis\/#breadcrumb\"},\"inLanguage\":\"pt-PT\",\"potentialAction\":[{\"@type\":\"ReadAction\",\"target\":[\"https:\/\/revistabica.com\/floripa\/festival-fartura-florianopolis\/\"]}]},{\"@type\":\"BreadcrumbList\",\"@id\":\"https:\/\/revistabica.com\/floripa\/festival-fartura-florianopolis\/#breadcrumb\",\"itemListElement\":[{\"@type\":\"ListItem\",\"position\":1,\"name\":\"In\u00edcio\",\"item\":\"https:\/\/revistabica.com\/floripa\/\"},{\"@type\":\"ListItem\",\"position\":2,\"name\":\"Festival Fartura Florian\u00f3polis\"}]},{\"@type\":\"WebSite\",\"@id\":\"https:\/\/revistabica.com\/floripa\/#website\",\"url\":\"https:\/\/revistabica.com\/floripa\/\",\"name\":\"GOSTO DE FLORIPA\",\"description\":\"SANTA CATARINA\",\"publisher\":{\"@id\":\"https:\/\/revistabica.com\/floripa\/#organization\"},\"potentialAction\":[{\"@type\":\"SearchAction\",\"target\":{\"@type\":\"EntryPoint\",\"urlTemplate\":\"https:\/\/revistabica.com\/floripa\/?s={search_term_string}\"},\"query-input\":\"required name=search_term_string\"}],\"inLanguage\":\"pt-PT\"},{\"@type\":\"Organization\",\"@id\":\"https:\/\/revistabica.com\/floripa\/#organization\",\"name\":\"GOSTO DE FLORIPA\",\"url\":\"https:\/\/revistabica.com\/floripa\/\",\"logo\":{\"@type\":\"ImageObject\",\"inLanguage\":\"pt-PT\",\"@id\":\"https:\/\/revistabica.com\/floripa\/#\/schema\/logo\/image\/\",\"url\":\"https:\/\/revistabica.com\/floripa\/wp-content\/uploads\/2022\/10\/logo-site-branco-03.png\",\"contentUrl\":\"https:\/\/revistabica.com\/floripa\/wp-content\/uploads\/2022\/10\/logo-site-branco-03.png\",\"width\":626,\"height\":209,\"caption\":\"GOSTO DE FLORIPA\"},\"image\":{\"@id\":\"https:\/\/revistabica.com\/floripa\/#\/schema\/logo\/image\/\"}},{\"@type\":\"Person\",\"@id\":\"https:\/\/revistabica.com\/floripa\/#\/schema\/person\/ad8ad44cae7ea11508c0df241d9c8cd9\",\"name\":\"GOSTO DE FLORIPA\",\"image\":{\"@type\":\"ImageObject\",\"inLanguage\":\"pt-PT\",\"@id\":\"https:\/\/revistabica.com\/floripa\/#\/schema\/person\/image\/\",\"url\":\"https:\/\/secure.gravatar.com\/avatar\/2ad7dffdeed4570dd6338c3e1e43403d?s=96&d=mm&r=g\",\"contentUrl\":\"https:\/\/secure.gravatar.com\/avatar\/2ad7dffdeed4570dd6338c3e1e43403d?s=96&d=mm&r=g\",\"caption\":\"GOSTO DE FLORIPA\"},\"sameAs\":[\"design@studiobox.pt\"],\"url\":\"https:\/\/revistabica.com\/floripa\/author\/gosto-de-floripa\/\"}]}<\/script>\n<!-- \/ Yoast SEO plugin. -->","yoast_head_json":{"title":"Festival Fartura Florian\u00f3polis - GOSTO DE FLORIPA","robots":{"index":"index","follow":"follow","max-snippet":"max-snippet:-1","max-image-preview":"max-image-preview:large","max-video-preview":"max-video-preview:-1"},"canonical":"https:\/\/revistabica.com\/floripa\/festival-fartura-florianopolis\/","og_locale":"pt_PT","og_type":"article","og_title":"Festival Fartura Florian\u00f3polis - GOSTO DE FLORIPA","og_description":"Pela primeira vez em Florian\u00f3polis, o Festival Fartura desembarca no restaurante El Se\u00f1or Asador de Brasa, do chef Alysson M\u00fcller, ...","og_url":"https:\/\/revistabica.com\/floripa\/festival-fartura-florianopolis\/","og_site_name":"GOSTO DE FLORIPA","article_published_time":"2022-11-14T22:26:55+00:00","og_image":[{"width":800,"height":800,"url":"https:\/\/revistabica.com\/floripa\/wp-content\/uploads\/2022\/11\/1862cef6-c1d2-4240-b250-5318b3b22541.jpg","type":"image\/jpeg"}],"author":"GOSTO DE FLORIPA","twitter_card":"summary_large_image","twitter_misc":{"Escrito por":"GOSTO DE FLORIPA","Tempo estimado de leitura":"2 minutos"},"schema":{"@context":"https:\/\/schema.org","@graph":[{"@type":"Article","@id":"https:\/\/revistabica.com\/floripa\/festival-fartura-florianopolis\/#article","isPartOf":{"@id":"https:\/\/revistabica.com\/floripa\/festival-fartura-florianopolis\/"},"author":{"name":"GOSTO DE FLORIPA","@id":"https:\/\/revistabica.com\/floripa\/#\/schema\/person\/ad8ad44cae7ea11508c0df241d9c8cd9"},"headline":"Festival Fartura Florian\u00f3polis","datePublished":"2022-11-14T22:26:55+00:00","dateModified":"2022-11-14T22:26:55+00:00","mainEntityOfPage":{"@id":"https:\/\/revistabica.com\/floripa\/festival-fartura-florianopolis\/"},"wordCount":192,"publisher":{"@id":"https:\/\/revistabica.com\/floripa\/#organization"},"articleSection":["Acontece","Opini\u00e3o"],"inLanguage":"pt-PT"},{"@type":"WebPage","@id":"https:\/\/revistabica.com\/floripa\/festival-fartura-florianopolis\/","url":"https:\/\/revistabica.com\/floripa\/festival-fartura-florianopolis\/","name":"Festival Fartura Florian\u00f3polis - GOSTO DE FLORIPA","isPartOf":{"@id":"https:\/\/revistabica.com\/floripa\/#website"},"datePublished":"2022-11-14T22:26:55+00:00","dateModified":"2022-11-14T22:26:55+00:00","breadcrumb":{"@id":"https:\/\/revistabica.com\/floripa\/festival-fartura-florianopolis\/#breadcrumb"},"inLanguage":"pt-PT","potentialAction":[{"@type":"ReadAction","target":["https:\/\/revistabica.com\/floripa\/festival-fartura-florianopolis\/"]}]},{"@type":"BreadcrumbList","@id":"https:\/\/revistabica.com\/floripa\/festival-fartura-florianopolis\/#breadcrumb","itemListElement":[{"@type":"ListItem","position":1,"name":"In\u00edcio","item":"https:\/\/revistabica.com\/floripa\/"},{"@type":"ListItem","position":2,"name":"Festival Fartura Florian\u00f3polis"}]},{"@type":"WebSite","@id":"https:\/\/revistabica.com\/floripa\/#website","url":"https:\/\/revistabica.com\/floripa\/","name":"GOSTO DE FLORIPA","description":"SANTA CATARINA","publisher":{"@id":"https:\/\/revistabica.com\/floripa\/#organization"},"potentialAction":[{"@type":"SearchAction","target":{"@type":"EntryPoint","urlTemplate":"https:\/\/revistabica.com\/floripa\/?s={search_term_string}"},"query-input":"required name=search_term_string"}],"inLanguage":"pt-PT"},{"@type":"Organization","@id":"https:\/\/revistabica.com\/floripa\/#organization","name":"GOSTO DE FLORIPA","url":"https:\/\/revistabica.com\/floripa\/","logo":{"@type":"ImageObject","inLanguage":"pt-PT","@id":"https:\/\/revistabica.com\/floripa\/#\/schema\/logo\/image\/","url":"https:\/\/revistabica.com\/floripa\/wp-content\/uploads\/2022\/10\/logo-site-branco-03.png","contentUrl":"https:\/\/revistabica.com\/floripa\/wp-content\/uploads\/2022\/10\/logo-site-branco-03.png","width":626,"height":209,"caption":"GOSTO DE FLORIPA"},"image":{"@id":"https:\/\/revistabica.com\/floripa\/#\/schema\/logo\/image\/"}},{"@type":"Person","@id":"https:\/\/revistabica.com\/floripa\/#\/schema\/person\/ad8ad44cae7ea11508c0df241d9c8cd9","name":"GOSTO DE FLORIPA","image":{"@type":"ImageObject","inLanguage":"pt-PT","@id":"https:\/\/revistabica.com\/floripa\/#\/schema\/person\/image\/","url":"https:\/\/secure.gravatar.com\/avatar\/2ad7dffdeed4570dd6338c3e1e43403d?s=96&d=mm&r=g","contentUrl":"https:\/\/secure.gravatar.com\/avatar\/2ad7dffdeed4570dd6338c3e1e43403d?s=96&d=mm&r=g","caption":"GOSTO DE FLORIPA"},"sameAs":["design@studiobox.pt"],"url":"https:\/\/revistabica.com\/floripa\/author\/gosto-de-floripa\/"}]}},"_links":{"self":[{"href":"https:\/\/revistabica.com\/floripa\/wp-json\/wp\/v2\/posts\/17365"}],"collection":[{"href":"https:\/\/revistabica.com\/floripa\/wp-json\/wp\/v2\/posts"}],"about":[{"href":"https:\/\/revistabica.com\/floripa\/wp-json\/wp\/v2\/types\/post"}],"author":[{"embeddable":true,"href":"https:\/\/revistabica.com\/floripa\/wp-json\/wp\/v2\/users\/18"}],"replies":[{"embeddable":true,"href":"https:\/\/revistabica.com\/floripa\/wp-json\/wp\/v2\/comments?post=17365"}],"version-history":[{"count":1,"href":"https:\/\/revistabica.com\/floripa\/wp-json\/wp\/v2\/posts\/17365\/revisions"}],"predecessor-version":[{"id":17367,"href":"https:\/\/revistabica.com\/floripa\/wp-json\/wp\/v2\/posts\/17365\/revisions\/17367"}],"wp:featuredmedia":[{"embeddable":true,"href":"https:\/\/revistabica.com\/floripa\/wp-json\/wp\/v2\/media\/17366"}],"wp:attachment":[{"href":"https:\/\/revistabica.com\/floripa\/wp-json\/wp\/v2\/media?parent=17365"}],"wp:term":[{"taxonomy":"category","embeddable":true,"href":"https:\/\/revistabica.com\/floripa\/wp-json\/wp\/v2\/categories?post=17365"},{"taxonomy":"post_tag","embeddable":true,"href":"https:\/\/revistabica.com\/floripa\/wp-json\/wp\/v2\/tags?post=17365"}],"curies":[{"name":"wp","href":"https:\/\/api.w.org\/{rel}","templated":true}]}}