{"id":17318,"date":"2022-11-04T20:31:42","date_gmt":"2022-11-04T20:31:42","guid":{"rendered":"https:\/\/gostodefloripa.com.br\/?p=17318"},"modified":"2022-11-04T20:31:42","modified_gmt":"2022-11-04T20:31:42","slug":"atl-day-volta-a-agitar-floripa","status":"publish","type":"post","link":"https:\/\/revistabica.com\/floripa\/atl-day-volta-a-agitar-floripa\/","title":{"rendered":"ATL Day volta a agitar Floripa"},"content":{"rendered":"<p>Evento da R\u00e1dio Atl\u00e2ntida acontece dia 05 de novembro<\/p>\n<p class=\"Paragraph-fglk4o-0 cYgJmV StyledParagraph\" data-key=\"16620407\"><span data-key=\"16620408\">Retornando para Floripa, o ATL Day deve agitar a cidade com <strong>10 horas de muita m\u00fasica<\/strong>, cerveja e gastronomia. A festa acontece no s\u00e1bado, dia 5 de novembro, das 11h \u00e0s 22h, na Beira-mar Continental.<\/span><\/p>\n<p class=\"Paragraph-fglk4o-0 cYgJmV StyledParagraph\" data-key=\"16620412\"><span data-key=\"16620413\">O evento contar\u00e1 com um palco que trar\u00e1 diversas bandas, valorizando os artistas locais. S\u00e3o elas: Nego joe, N\u00f3s Naldeia, Son\u00eddo e Dazaranha, al\u00e9m de Dj que prometem esquentar a festa.<\/span><\/p>\n<p class=\"Paragraph-fglk4o-0 cYgJmV StyledParagraph\" data-key=\"16620414\"><span data-key=\"16620415\">Outro ponto alto do evento \u00e9 a gastronomia, com a presen\u00e7a de FoodTrucks e Cervejarias Artesanais, em parceria com o Festival da Craft Beer.<\/span><\/p>\n<p class=\"Paragraph-fglk4o-0 cYgJmV StyledParagraph\" data-key=\"16620414\"><span data-key=\"16620415\"> A programa\u00e7\u00e3o completa e novidades estar\u00e3o na rede da <strong>@atlantidafloripa<\/strong>.<\/span><\/p>\n<p class=\"Paragraph-fglk4o-0 cYgJmV StyledParagraph\" data-key=\"16620418\"><span data-key=\"16620419\">Ao ar livre, o ATL Day tamb\u00e9m traz atra\u00e7\u00f5es voltadas para a fam\u00edlia toda: ser\u00e3o 300m\u00b2 de \u00e1rea Kids com monitores, al\u00e9m do evento ser petfriendly. <\/span><\/p>\n<p class=\"Paragraph-fglk4o-0 cYgJmV StyledParagraph\" data-key=\"16620418\"><span data-key=\"16620419\">A entrada \u00e9 gratuita.<\/span><\/p>\n<p data-key=\"16620418\">O ATL Day \u00e9 um patroc\u00ednio de Le Mobi, Bistek Supermercados, Unisul e Lojas Samsung. O apoio \u00e9 das \u00d3ticas Carol.<\/p>\n<p data-key=\"16620418\">\n<p data-key=\"16620418\">Foto Freepick<\/p>\n<p data-key=\"16620418\">Fonte: nsctotal.com.br<\/p>\n","protected":false},"excerpt":{"rendered":"<p>Evento da R\u00e1dio Atl\u00e2ntida acontece dia 05 de novembro Retornando para Floripa, o ATL Day deve agitar a cidade com &#8230;<\/p>\n","protected":false},"author":18,"featured_media":17319,"comment_status":"closed","ping_status":"closed","sticky":false,"template":"","format":"standard","meta":[],"categories":[3,86],"tags":[],"yoast_head":"<!-- This site is optimized with the Yoast SEO plugin v19.9 - https:\/\/yoast.com\/wordpress\/plugins\/seo\/ -->\n<title>ATL Day volta a agitar Floripa - GOSTO DE FLORIPA<\/title>\n<meta name=\"robots\" content=\"index, follow, max-snippet:-1, max-image-preview:large, max-video-preview:-1\" \/>\n<link rel=\"canonical\" href=\"https:\/\/revistabica.com\/floripa\/atl-day-volta-a-agitar-floripa\/\" \/>\n<meta property=\"og:locale\" content=\"pt_PT\" \/>\n<meta property=\"og:type\" content=\"article\" \/>\n<meta property=\"og:title\" content=\"ATL Day volta a agitar Floripa - GOSTO DE FLORIPA\" \/>\n<meta property=\"og:description\" content=\"Evento da R\u00e1dio Atl\u00e2ntida acontece dia 05 de novembro Retornando para Floripa, o ATL Day deve agitar a cidade com ...\" \/>\n<meta property=\"og:url\" content=\"https:\/\/revistabica.com\/floripa\/atl-day-volta-a-agitar-floripa\/\" \/>\n<meta property=\"og:site_name\" content=\"GOSTO DE FLORIPA\" \/>\n<meta property=\"article:published_time\" content=\"2022-11-04T20:31:42+00:00\" \/>\n<meta property=\"og:image\" content=\"https:\/\/revistabica.com\/floripa\/wp-content\/uploads\/2022\/11\/couple-standing-crowd-music-festival.jpeg\" \/>\n\t<meta property=\"og:image:width\" content=\"800\" \/>\n\t<meta property=\"og:image:height\" content=\"541\" \/>\n\t<meta property=\"og:image:type\" content=\"image\/jpeg\" \/>\n<meta name=\"author\" content=\"GOSTO DE FLORIPA\" \/>\n<meta name=\"twitter:card\" content=\"summary_large_image\" \/>\n<meta name=\"twitter:label1\" content=\"Escrito por\" \/>\n\t<meta name=\"twitter:data1\" content=\"GOSTO DE FLORIPA\" \/>\n\t<meta name=\"twitter:label2\" content=\"Tempo estimado de leitura\" \/>\n\t<meta name=\"twitter:data2\" content=\"1 minuto\" \/>\n<script type=\"application\/ld+json\" class=\"yoast-schema-graph\">{\"@context\":\"https:\/\/schema.org\",\"@graph\":[{\"@type\":\"Article\",\"@id\":\"https:\/\/revistabica.com\/floripa\/atl-day-volta-a-agitar-floripa\/#article\",\"isPartOf\":{\"@id\":\"https:\/\/revistabica.com\/floripa\/atl-day-volta-a-agitar-floripa\/\"},\"author\":{\"name\":\"GOSTO DE FLORIPA\",\"@id\":\"https:\/\/revistabica.com\/floripa\/#\/schema\/person\/ad8ad44cae7ea11508c0df241d9c8cd9\"},\"headline\":\"ATL Day volta a agitar Floripa\",\"datePublished\":\"2022-11-04T20:31:42+00:00\",\"dateModified\":\"2022-11-04T20:31:42+00:00\",\"mainEntityOfPage\":{\"@id\":\"https:\/\/revistabica.com\/floripa\/atl-day-volta-a-agitar-floripa\/\"},\"wordCount\":182,\"publisher\":{\"@id\":\"https:\/\/revistabica.com\/floripa\/#organization\"},\"articleSection\":[\"Acontece\",\"Opini\u00e3o\"],\"inLanguage\":\"pt-PT\"},{\"@type\":\"WebPage\",\"@id\":\"https:\/\/revistabica.com\/floripa\/atl-day-volta-a-agitar-floripa\/\",\"url\":\"https:\/\/revistabica.com\/floripa\/atl-day-volta-a-agitar-floripa\/\",\"name\":\"ATL Day volta a agitar Floripa - GOSTO DE FLORIPA\",\"isPartOf\":{\"@id\":\"https:\/\/revistabica.com\/floripa\/#website\"},\"datePublished\":\"2022-11-04T20:31:42+00:00\",\"dateModified\":\"2022-11-04T20:31:42+00:00\",\"breadcrumb\":{\"@id\":\"https:\/\/revistabica.com\/floripa\/atl-day-volta-a-agitar-floripa\/#breadcrumb\"},\"inLanguage\":\"pt-PT\",\"potentialAction\":[{\"@type\":\"ReadAction\",\"target\":[\"https:\/\/revistabica.com\/floripa\/atl-day-volta-a-agitar-floripa\/\"]}]},{\"@type\":\"BreadcrumbList\",\"@id\":\"https:\/\/revistabica.com\/floripa\/atl-day-volta-a-agitar-floripa\/#breadcrumb\",\"itemListElement\":[{\"@type\":\"ListItem\",\"position\":1,\"name\":\"In\u00edcio\",\"item\":\"https:\/\/revistabica.com\/floripa\/\"},{\"@type\":\"ListItem\",\"position\":2,\"name\":\"ATL Day volta a agitar Floripa\"}]},{\"@type\":\"WebSite\",\"@id\":\"https:\/\/revistabica.com\/floripa\/#website\",\"url\":\"https:\/\/revistabica.com\/floripa\/\",\"name\":\"GOSTO DE FLORIPA\",\"description\":\"SANTA CATARINA\",\"publisher\":{\"@id\":\"https:\/\/revistabica.com\/floripa\/#organization\"},\"potentialAction\":[{\"@type\":\"SearchAction\",\"target\":{\"@type\":\"EntryPoint\",\"urlTemplate\":\"https:\/\/revistabica.com\/floripa\/?s={search_term_string}\"},\"query-input\":\"required name=search_term_string\"}],\"inLanguage\":\"pt-PT\"},{\"@type\":\"Organization\",\"@id\":\"https:\/\/revistabica.com\/floripa\/#organization\",\"name\":\"GOSTO DE FLORIPA\",\"url\":\"https:\/\/revistabica.com\/floripa\/\",\"logo\":{\"@type\":\"ImageObject\",\"inLanguage\":\"pt-PT\",\"@id\":\"https:\/\/revistabica.com\/floripa\/#\/schema\/logo\/image\/\",\"url\":\"https:\/\/revistabica.com\/floripa\/wp-content\/uploads\/2022\/10\/logo-site-branco-03.png\",\"contentUrl\":\"https:\/\/revistabica.com\/floripa\/wp-content\/uploads\/2022\/10\/logo-site-branco-03.png\",\"width\":626,\"height\":209,\"caption\":\"GOSTO DE FLORIPA\"},\"image\":{\"@id\":\"https:\/\/revistabica.com\/floripa\/#\/schema\/logo\/image\/\"}},{\"@type\":\"Person\",\"@id\":\"https:\/\/revistabica.com\/floripa\/#\/schema\/person\/ad8ad44cae7ea11508c0df241d9c8cd9\",\"name\":\"GOSTO DE FLORIPA\",\"image\":{\"@type\":\"ImageObject\",\"inLanguage\":\"pt-PT\",\"@id\":\"https:\/\/revistabica.com\/floripa\/#\/schema\/person\/image\/\",\"url\":\"https:\/\/secure.gravatar.com\/avatar\/2ad7dffdeed4570dd6338c3e1e43403d?s=96&d=mm&r=g\",\"contentUrl\":\"https:\/\/secure.gravatar.com\/avatar\/2ad7dffdeed4570dd6338c3e1e43403d?s=96&d=mm&r=g\",\"caption\":\"GOSTO DE FLORIPA\"},\"sameAs\":[\"design@studiobox.pt\"],\"url\":\"https:\/\/revistabica.com\/floripa\/author\/gosto-de-floripa\/\"}]}<\/script>\n<!-- \/ Yoast SEO plugin. -->","yoast_head_json":{"title":"ATL Day volta a agitar Floripa - GOSTO DE FLORIPA","robots":{"index":"index","follow":"follow","max-snippet":"max-snippet:-1","max-image-preview":"max-image-preview:large","max-video-preview":"max-video-preview:-1"},"canonical":"https:\/\/revistabica.com\/floripa\/atl-day-volta-a-agitar-floripa\/","og_locale":"pt_PT","og_type":"article","og_title":"ATL Day volta a agitar Floripa - GOSTO DE FLORIPA","og_description":"Evento da R\u00e1dio Atl\u00e2ntida acontece dia 05 de novembro Retornando para Floripa, o ATL Day deve agitar a cidade com ...","og_url":"https:\/\/revistabica.com\/floripa\/atl-day-volta-a-agitar-floripa\/","og_site_name":"GOSTO DE FLORIPA","article_published_time":"2022-11-04T20:31:42+00:00","og_image":[{"width":800,"height":541,"url":"https:\/\/revistabica.com\/floripa\/wp-content\/uploads\/2022\/11\/couple-standing-crowd-music-festival.jpeg","type":"image\/jpeg"}],"author":"GOSTO DE FLORIPA","twitter_card":"summary_large_image","twitter_misc":{"Escrito por":"GOSTO DE FLORIPA","Tempo estimado de leitura":"1 minuto"},"schema":{"@context":"https:\/\/schema.org","@graph":[{"@type":"Article","@id":"https:\/\/revistabica.com\/floripa\/atl-day-volta-a-agitar-floripa\/#article","isPartOf":{"@id":"https:\/\/revistabica.com\/floripa\/atl-day-volta-a-agitar-floripa\/"},"author":{"name":"GOSTO DE FLORIPA","@id":"https:\/\/revistabica.com\/floripa\/#\/schema\/person\/ad8ad44cae7ea11508c0df241d9c8cd9"},"headline":"ATL Day volta a agitar Floripa","datePublished":"2022-11-04T20:31:42+00:00","dateModified":"2022-11-04T20:31:42+00:00","mainEntityOfPage":{"@id":"https:\/\/revistabica.com\/floripa\/atl-day-volta-a-agitar-floripa\/"},"wordCount":182,"publisher":{"@id":"https:\/\/revistabica.com\/floripa\/#organization"},"articleSection":["Acontece","Opini\u00e3o"],"inLanguage":"pt-PT"},{"@type":"WebPage","@id":"https:\/\/revistabica.com\/floripa\/atl-day-volta-a-agitar-floripa\/","url":"https:\/\/revistabica.com\/floripa\/atl-day-volta-a-agitar-floripa\/","name":"ATL Day volta a agitar Floripa - GOSTO DE FLORIPA","isPartOf":{"@id":"https:\/\/revistabica.com\/floripa\/#website"},"datePublished":"2022-11-04T20:31:42+00:00","dateModified":"2022-11-04T20:31:42+00:00","breadcrumb":{"@id":"https:\/\/revistabica.com\/floripa\/atl-day-volta-a-agitar-floripa\/#breadcrumb"},"inLanguage":"pt-PT","potentialAction":[{"@type":"ReadAction","target":["https:\/\/revistabica.com\/floripa\/atl-day-volta-a-agitar-floripa\/"]}]},{"@type":"BreadcrumbList","@id":"https:\/\/revistabica.com\/floripa\/atl-day-volta-a-agitar-floripa\/#breadcrumb","itemListElement":[{"@type":"ListItem","position":1,"name":"In\u00edcio","item":"https:\/\/revistabica.com\/floripa\/"},{"@type":"ListItem","position":2,"name":"ATL Day volta a agitar Floripa"}]},{"@type":"WebSite","@id":"https:\/\/revistabica.com\/floripa\/#website","url":"https:\/\/revistabica.com\/floripa\/","name":"GOSTO DE FLORIPA","description":"SANTA CATARINA","publisher":{"@id":"https:\/\/revistabica.com\/floripa\/#organization"},"potentialAction":[{"@type":"SearchAction","target":{"@type":"EntryPoint","urlTemplate":"https:\/\/revistabica.com\/floripa\/?s={search_term_string}"},"query-input":"required name=search_term_string"}],"inLanguage":"pt-PT"},{"@type":"Organization","@id":"https:\/\/revistabica.com\/floripa\/#organization","name":"GOSTO DE FLORIPA","url":"https:\/\/revistabica.com\/floripa\/","logo":{"@type":"ImageObject","inLanguage":"pt-PT","@id":"https:\/\/revistabica.com\/floripa\/#\/schema\/logo\/image\/","url":"https:\/\/revistabica.com\/floripa\/wp-content\/uploads\/2022\/10\/logo-site-branco-03.png","contentUrl":"https:\/\/revistabica.com\/floripa\/wp-content\/uploads\/2022\/10\/logo-site-branco-03.png","width":626,"height":209,"caption":"GOSTO DE FLORIPA"},"image":{"@id":"https:\/\/revistabica.com\/floripa\/#\/schema\/logo\/image\/"}},{"@type":"Person","@id":"https:\/\/revistabica.com\/floripa\/#\/schema\/person\/ad8ad44cae7ea11508c0df241d9c8cd9","name":"GOSTO DE FLORIPA","image":{"@type":"ImageObject","inLanguage":"pt-PT","@id":"https:\/\/revistabica.com\/floripa\/#\/schema\/person\/image\/","url":"https:\/\/secure.gravatar.com\/avatar\/2ad7dffdeed4570dd6338c3e1e43403d?s=96&d=mm&r=g","contentUrl":"https:\/\/secure.gravatar.com\/avatar\/2ad7dffdeed4570dd6338c3e1e43403d?s=96&d=mm&r=g","caption":"GOSTO DE FLORIPA"},"sameAs":["design@studiobox.pt"],"url":"https:\/\/revistabica.com\/floripa\/author\/gosto-de-floripa\/"}]}},"_links":{"self":[{"href":"https:\/\/revistabica.com\/floripa\/wp-json\/wp\/v2\/posts\/17318"}],"collection":[{"href":"https:\/\/revistabica.com\/floripa\/wp-json\/wp\/v2\/posts"}],"about":[{"href":"https:\/\/revistabica.com\/floripa\/wp-json\/wp\/v2\/types\/post"}],"author":[{"embeddable":true,"href":"https:\/\/revistabica.com\/floripa\/wp-json\/wp\/v2\/users\/18"}],"replies":[{"embeddable":true,"href":"https:\/\/revistabica.com\/floripa\/wp-json\/wp\/v2\/comments?post=17318"}],"version-history":[{"count":1,"href":"https:\/\/revistabica.com\/floripa\/wp-json\/wp\/v2\/posts\/17318\/revisions"}],"predecessor-version":[{"id":17320,"href":"https:\/\/revistabica.com\/floripa\/wp-json\/wp\/v2\/posts\/17318\/revisions\/17320"}],"wp:featuredmedia":[{"embeddable":true,"href":"https:\/\/revistabica.com\/floripa\/wp-json\/wp\/v2\/media\/17319"}],"wp:attachment":[{"href":"https:\/\/revistabica.com\/floripa\/wp-json\/wp\/v2\/media?parent=17318"}],"wp:term":[{"taxonomy":"category","embeddable":true,"href":"https:\/\/revistabica.com\/floripa\/wp-json\/wp\/v2\/categories?post=17318"},{"taxonomy":"post_tag","embeddable":true,"href":"https:\/\/revistabica.com\/floripa\/wp-json\/wp\/v2\/tags?post=17318"}],"curies":[{"name":"wp","href":"https:\/\/api.w.org\/{rel}","templated":true}]}}