{"id":17114,"date":"2022-10-30T12:52:53","date_gmt":"2022-10-30T12:52:53","guid":{"rendered":"https:\/\/gostodefloripa.com.br\/?p=17114"},"modified":"2022-11-10T22:16:03","modified_gmt":"2022-11-10T22:16:03","slug":"chef-anderson-antonio","status":"publish","type":"post","link":"https:\/\/revistabica.com\/floripa\/chef-anderson-antonio\/","title":{"rendered":"Anderson Ant\u00f3nio"},"content":{"rendered":"<p>O interesse pela gastronomia surgiu cedo na trajet\u00f3ria do chef Anderson Antonio, ainda em casa, observando sua m\u00e3e na cozinha.<\/p>\n<p>Aos vinte anos de idade abriu o seu primeiro restaurante e aos vinte e quatro viajou para a Europa, onde trabalhou e estudou por onze anos. Foi l\u00e1 que ele se encantou pela cultura e gastronomia de Portugal.<\/p>\n<p>O resultado desta experi\u00eancia \u00e9 o resgate impec\u00e1vel da cozinha tradicional portuguesa e ib\u00e9rica, famosa no mundo todo e valorizada pelos amantes da boa mesa!<\/p>\n<p>Propriet\u00e1rio do restaurante Taberna Ib\u00e9rica em Florian\u00f3polis<\/p>\n","protected":false},"excerpt":{"rendered":"<p>O interesse pela gastronomia surgiu cedo na trajet\u00f3ria do chef Anderson Antonio, ainda em casa, observando sua m\u00e3e na cozinha. &#8230;<\/p>\n","protected":false},"author":18,"featured_media":17115,"comment_status":"closed","ping_status":"closed","sticky":false,"template":"","format":"standard","meta":[],"categories":[8,86],"tags":[],"yoast_head":"<!-- This site is optimized with the Yoast SEO plugin v19.9 - https:\/\/yoast.com\/wordpress\/plugins\/seo\/ -->\n<title>Anderson Ant\u00f3nio - GOSTO DE FLORIPA<\/title>\n<meta name=\"description\" content=\"Propriet\u00e1rio do restaurante Taberna Ib\u00e9rica em Florian\u00f3polis\" \/>\n<meta name=\"robots\" content=\"index, follow, max-snippet:-1, max-image-preview:large, max-video-preview:-1\" \/>\n<link rel=\"canonical\" href=\"https:\/\/revistabica.com\/floripa\/chef-anderson-antonio\/\" \/>\n<meta property=\"og:locale\" content=\"pt_PT\" \/>\n<meta property=\"og:type\" content=\"article\" \/>\n<meta property=\"og:title\" content=\"Anderson Ant\u00f3nio - GOSTO DE FLORIPA\" \/>\n<meta property=\"og:description\" content=\"Propriet\u00e1rio do restaurante Taberna Ib\u00e9rica em Florian\u00f3polis\" \/>\n<meta property=\"og:url\" content=\"https:\/\/revistabica.com\/floripa\/chef-anderson-antonio\/\" \/>\n<meta property=\"og:site_name\" content=\"GOSTO DE FLORIPA\" \/>\n<meta property=\"article:published_time\" content=\"2022-10-30T12:52:53+00:00\" \/>\n<meta property=\"article:modified_time\" content=\"2022-11-10T22:16:03+00:00\" \/>\n<meta property=\"og:image\" content=\"https:\/\/revistabica.com\/floripa\/wp-content\/uploads\/2022\/10\/Anderson.jpg\" \/>\n\t<meta property=\"og:image:width\" content=\"800\" \/>\n\t<meta property=\"og:image:height\" content=\"1199\" \/>\n\t<meta property=\"og:image:type\" content=\"image\/jpeg\" \/>\n<meta name=\"author\" content=\"GOSTO DE FLORIPA\" \/>\n<meta name=\"twitter:card\" content=\"summary_large_image\" \/>\n<meta name=\"twitter:label1\" content=\"Escrito por\" \/>\n\t<meta name=\"twitter:data1\" content=\"GOSTO DE FLORIPA\" \/>\n\t<meta name=\"twitter:label2\" content=\"Tempo estimado de leitura\" \/>\n\t<meta name=\"twitter:data2\" content=\"1 minuto\" \/>\n<script type=\"application\/ld+json\" class=\"yoast-schema-graph\">{\"@context\":\"https:\/\/schema.org\",\"@graph\":[{\"@type\":\"Article\",\"@id\":\"https:\/\/revistabica.com\/floripa\/chef-anderson-antonio\/#article\",\"isPartOf\":{\"@id\":\"https:\/\/revistabica.com\/floripa\/chef-anderson-antonio\/\"},\"author\":{\"name\":\"GOSTO DE FLORIPA\",\"@id\":\"https:\/\/revistabica.com\/floripa\/#\/schema\/person\/ad8ad44cae7ea11508c0df241d9c8cd9\"},\"headline\":\"Anderson Ant\u00f3nio\",\"datePublished\":\"2022-10-30T12:52:53+00:00\",\"dateModified\":\"2022-11-10T22:16:03+00:00\",\"mainEntityOfPage\":{\"@id\":\"https:\/\/revistabica.com\/floripa\/chef-anderson-antonio\/\"},\"wordCount\":100,\"publisher\":{\"@id\":\"https:\/\/revistabica.com\/floripa\/#organization\"},\"articleSection\":[\"Chefs\",\"Opini\u00e3o\"],\"inLanguage\":\"pt-PT\"},{\"@type\":\"WebPage\",\"@id\":\"https:\/\/revistabica.com\/floripa\/chef-anderson-antonio\/\",\"url\":\"https:\/\/revistabica.com\/floripa\/chef-anderson-antonio\/\",\"name\":\"Anderson Ant\u00f3nio - GOSTO DE FLORIPA\",\"isPartOf\":{\"@id\":\"https:\/\/revistabica.com\/floripa\/#website\"},\"datePublished\":\"2022-10-30T12:52:53+00:00\",\"dateModified\":\"2022-11-10T22:16:03+00:00\",\"description\":\"Propriet\u00e1rio do restaurante Taberna Ib\u00e9rica em Florian\u00f3polis\",\"breadcrumb\":{\"@id\":\"https:\/\/revistabica.com\/floripa\/chef-anderson-antonio\/#breadcrumb\"},\"inLanguage\":\"pt-PT\",\"potentialAction\":[{\"@type\":\"ReadAction\",\"target\":[\"https:\/\/revistabica.com\/floripa\/chef-anderson-antonio\/\"]}]},{\"@type\":\"BreadcrumbList\",\"@id\":\"https:\/\/revistabica.com\/floripa\/chef-anderson-antonio\/#breadcrumb\",\"itemListElement\":[{\"@type\":\"ListItem\",\"position\":1,\"name\":\"In\u00edcio\",\"item\":\"https:\/\/revistabica.com\/floripa\/\"},{\"@type\":\"ListItem\",\"position\":2,\"name\":\"Anderson Ant\u00f3nio\"}]},{\"@type\":\"WebSite\",\"@id\":\"https:\/\/revistabica.com\/floripa\/#website\",\"url\":\"https:\/\/revistabica.com\/floripa\/\",\"name\":\"GOSTO DE FLORIPA\",\"description\":\"SANTA CATARINA\",\"publisher\":{\"@id\":\"https:\/\/revistabica.com\/floripa\/#organization\"},\"potentialAction\":[{\"@type\":\"SearchAction\",\"target\":{\"@type\":\"EntryPoint\",\"urlTemplate\":\"https:\/\/revistabica.com\/floripa\/?s={search_term_string}\"},\"query-input\":\"required name=search_term_string\"}],\"inLanguage\":\"pt-PT\"},{\"@type\":\"Organization\",\"@id\":\"https:\/\/revistabica.com\/floripa\/#organization\",\"name\":\"GOSTO DE FLORIPA\",\"url\":\"https:\/\/revistabica.com\/floripa\/\",\"logo\":{\"@type\":\"ImageObject\",\"inLanguage\":\"pt-PT\",\"@id\":\"https:\/\/revistabica.com\/floripa\/#\/schema\/logo\/image\/\",\"url\":\"https:\/\/revistabica.com\/floripa\/wp-content\/uploads\/2022\/10\/logo-site-branco-03.png\",\"contentUrl\":\"https:\/\/revistabica.com\/floripa\/wp-content\/uploads\/2022\/10\/logo-site-branco-03.png\",\"width\":626,\"height\":209,\"caption\":\"GOSTO DE FLORIPA\"},\"image\":{\"@id\":\"https:\/\/revistabica.com\/floripa\/#\/schema\/logo\/image\/\"}},{\"@type\":\"Person\",\"@id\":\"https:\/\/revistabica.com\/floripa\/#\/schema\/person\/ad8ad44cae7ea11508c0df241d9c8cd9\",\"name\":\"GOSTO DE FLORIPA\",\"image\":{\"@type\":\"ImageObject\",\"inLanguage\":\"pt-PT\",\"@id\":\"https:\/\/revistabica.com\/floripa\/#\/schema\/person\/image\/\",\"url\":\"https:\/\/secure.gravatar.com\/avatar\/2ad7dffdeed4570dd6338c3e1e43403d?s=96&d=mm&r=g\",\"contentUrl\":\"https:\/\/secure.gravatar.com\/avatar\/2ad7dffdeed4570dd6338c3e1e43403d?s=96&d=mm&r=g\",\"caption\":\"GOSTO DE FLORIPA\"},\"sameAs\":[\"design@studiobox.pt\"],\"url\":\"https:\/\/revistabica.com\/floripa\/author\/gosto-de-floripa\/\"}]}<\/script>\n<!-- \/ Yoast SEO plugin. -->","yoast_head_json":{"title":"Anderson Ant\u00f3nio - GOSTO DE FLORIPA","description":"Propriet\u00e1rio do restaurante Taberna Ib\u00e9rica em Florian\u00f3polis","robots":{"index":"index","follow":"follow","max-snippet":"max-snippet:-1","max-image-preview":"max-image-preview:large","max-video-preview":"max-video-preview:-1"},"canonical":"https:\/\/revistabica.com\/floripa\/chef-anderson-antonio\/","og_locale":"pt_PT","og_type":"article","og_title":"Anderson Ant\u00f3nio - GOSTO DE FLORIPA","og_description":"Propriet\u00e1rio do restaurante Taberna Ib\u00e9rica em Florian\u00f3polis","og_url":"https:\/\/revistabica.com\/floripa\/chef-anderson-antonio\/","og_site_name":"GOSTO DE FLORIPA","article_published_time":"2022-10-30T12:52:53+00:00","article_modified_time":"2022-11-10T22:16:03+00:00","og_image":[{"width":800,"height":1199,"url":"https:\/\/revistabica.com\/floripa\/wp-content\/uploads\/2022\/10\/Anderson.jpg","type":"image\/jpeg"}],"author":"GOSTO DE FLORIPA","twitter_card":"summary_large_image","twitter_misc":{"Escrito por":"GOSTO DE FLORIPA","Tempo estimado de leitura":"1 minuto"},"schema":{"@context":"https:\/\/schema.org","@graph":[{"@type":"Article","@id":"https:\/\/revistabica.com\/floripa\/chef-anderson-antonio\/#article","isPartOf":{"@id":"https:\/\/revistabica.com\/floripa\/chef-anderson-antonio\/"},"author":{"name":"GOSTO DE FLORIPA","@id":"https:\/\/revistabica.com\/floripa\/#\/schema\/person\/ad8ad44cae7ea11508c0df241d9c8cd9"},"headline":"Anderson Ant\u00f3nio","datePublished":"2022-10-30T12:52:53+00:00","dateModified":"2022-11-10T22:16:03+00:00","mainEntityOfPage":{"@id":"https:\/\/revistabica.com\/floripa\/chef-anderson-antonio\/"},"wordCount":100,"publisher":{"@id":"https:\/\/revistabica.com\/floripa\/#organization"},"articleSection":["Chefs","Opini\u00e3o"],"inLanguage":"pt-PT"},{"@type":"WebPage","@id":"https:\/\/revistabica.com\/floripa\/chef-anderson-antonio\/","url":"https:\/\/revistabica.com\/floripa\/chef-anderson-antonio\/","name":"Anderson Ant\u00f3nio - GOSTO DE FLORIPA","isPartOf":{"@id":"https:\/\/revistabica.com\/floripa\/#website"},"datePublished":"2022-10-30T12:52:53+00:00","dateModified":"2022-11-10T22:16:03+00:00","description":"Propriet\u00e1rio do restaurante Taberna Ib\u00e9rica em Florian\u00f3polis","breadcrumb":{"@id":"https:\/\/revistabica.com\/floripa\/chef-anderson-antonio\/#breadcrumb"},"inLanguage":"pt-PT","potentialAction":[{"@type":"ReadAction","target":["https:\/\/revistabica.com\/floripa\/chef-anderson-antonio\/"]}]},{"@type":"BreadcrumbList","@id":"https:\/\/revistabica.com\/floripa\/chef-anderson-antonio\/#breadcrumb","itemListElement":[{"@type":"ListItem","position":1,"name":"In\u00edcio","item":"https:\/\/revistabica.com\/floripa\/"},{"@type":"ListItem","position":2,"name":"Anderson Ant\u00f3nio"}]},{"@type":"WebSite","@id":"https:\/\/revistabica.com\/floripa\/#website","url":"https:\/\/revistabica.com\/floripa\/","name":"GOSTO DE FLORIPA","description":"SANTA CATARINA","publisher":{"@id":"https:\/\/revistabica.com\/floripa\/#organization"},"potentialAction":[{"@type":"SearchAction","target":{"@type":"EntryPoint","urlTemplate":"https:\/\/revistabica.com\/floripa\/?s={search_term_string}"},"query-input":"required name=search_term_string"}],"inLanguage":"pt-PT"},{"@type":"Organization","@id":"https:\/\/revistabica.com\/floripa\/#organization","name":"GOSTO DE FLORIPA","url":"https:\/\/revistabica.com\/floripa\/","logo":{"@type":"ImageObject","inLanguage":"pt-PT","@id":"https:\/\/revistabica.com\/floripa\/#\/schema\/logo\/image\/","url":"https:\/\/revistabica.com\/floripa\/wp-content\/uploads\/2022\/10\/logo-site-branco-03.png","contentUrl":"https:\/\/revistabica.com\/floripa\/wp-content\/uploads\/2022\/10\/logo-site-branco-03.png","width":626,"height":209,"caption":"GOSTO DE FLORIPA"},"image":{"@id":"https:\/\/revistabica.com\/floripa\/#\/schema\/logo\/image\/"}},{"@type":"Person","@id":"https:\/\/revistabica.com\/floripa\/#\/schema\/person\/ad8ad44cae7ea11508c0df241d9c8cd9","name":"GOSTO DE FLORIPA","image":{"@type":"ImageObject","inLanguage":"pt-PT","@id":"https:\/\/revistabica.com\/floripa\/#\/schema\/person\/image\/","url":"https:\/\/secure.gravatar.com\/avatar\/2ad7dffdeed4570dd6338c3e1e43403d?s=96&d=mm&r=g","contentUrl":"https:\/\/secure.gravatar.com\/avatar\/2ad7dffdeed4570dd6338c3e1e43403d?s=96&d=mm&r=g","caption":"GOSTO DE FLORIPA"},"sameAs":["design@studiobox.pt"],"url":"https:\/\/revistabica.com\/floripa\/author\/gosto-de-floripa\/"}]}},"_links":{"self":[{"href":"https:\/\/revistabica.com\/floripa\/wp-json\/wp\/v2\/posts\/17114"}],"collection":[{"href":"https:\/\/revistabica.com\/floripa\/wp-json\/wp\/v2\/posts"}],"about":[{"href":"https:\/\/revistabica.com\/floripa\/wp-json\/wp\/v2\/types\/post"}],"author":[{"embeddable":true,"href":"https:\/\/revistabica.com\/floripa\/wp-json\/wp\/v2\/users\/18"}],"replies":[{"embeddable":true,"href":"https:\/\/revistabica.com\/floripa\/wp-json\/wp\/v2\/comments?post=17114"}],"version-history":[{"count":2,"href":"https:\/\/revistabica.com\/floripa\/wp-json\/wp\/v2\/posts\/17114\/revisions"}],"predecessor-version":[{"id":17355,"href":"https:\/\/revistabica.com\/floripa\/wp-json\/wp\/v2\/posts\/17114\/revisions\/17355"}],"wp:featuredmedia":[{"embeddable":true,"href":"https:\/\/revistabica.com\/floripa\/wp-json\/wp\/v2\/media\/17115"}],"wp:attachment":[{"href":"https:\/\/revistabica.com\/floripa\/wp-json\/wp\/v2\/media?parent=17114"}],"wp:term":[{"taxonomy":"category","embeddable":true,"href":"https:\/\/revistabica.com\/floripa\/wp-json\/wp\/v2\/categories?post=17114"},{"taxonomy":"post_tag","embeddable":true,"href":"https:\/\/revistabica.com\/floripa\/wp-json\/wp\/v2\/tags?post=17114"}],"curies":[{"name":"wp","href":"https:\/\/api.w.org\/{rel}","templated":true}]}}