{"id":17090,"date":"2021-12-14T10:44:57","date_gmt":"2021-12-14T10:44:57","guid":{"rendered":"https:\/\/gostodefloripa.com.br\/?p=17090"},"modified":"2022-10-30T19:03:48","modified_gmt":"2022-10-30T19:03:48","slug":"confraria-de-saberes-e-sabores-de-portugal-florianopolis","status":"publish","type":"post","link":"https:\/\/revistabica.com\/floripa\/confraria-de-saberes-e-sabores-de-portugal-florianopolis\/","title":{"rendered":"Confraria de Saberes e Sabores de Portugal &#8211; Florian\u00f3polis"},"content":{"rendered":"<div dir=\"auto\">Criada formalmente a 14 Dezembro 2021, a Confraria de Saberes e Sabores de Portugal &#8211; Florian\u00f3polis \u00e9 hoje uma realidade na ilha da magia.<\/div>\n<div dir=\"auto\">Representada pelo Almoxarife em Florian\u00f3polis Alysson M\u00fcller e pelo representante de Portugal Bruno Esteves, o primeiro encontro teve lugar em Florian\u00f3polis com a entroniza\u00e7\u00e3o dos primeiros confrades.<\/div>\n<div dir=\"auto\">Presentes na primeira edi\u00e7\u00e3o, do que se espera ser no futuro, a promo\u00e7\u00e3o e divulga\u00e7\u00e3o da gastronomia portuguesa e dos vinhos de Portugal:<\/div>\n<div dir=\"auto\">Alysson Muller &#8211; Grupo Alysson<\/div>\n<div dir=\"auto\">Jaime de Barcelos &#8211; Restaurantes Ostradamus<\/div>\n<div dir=\"auto\">Jo\u00e3o Henrique &#8211; Marisqueira\u00a0 Sintra<\/div>\n<div dir=\"auto\">Guilherme Lima &#8211; Forneria Piedoro<\/div>\n<div dir=\"auto\">Ant\u00f3nio Mestre &#8211; Solar de Sintra<\/div>\n<div dir=\"auto\">Eduardo Ara\u00fajo &#8211; Cellar vinhos e TheWinePub<\/div>\n<div dir=\"auto\">Bruno Esteves- Representante da Confraria de Portugal<\/div>\n<div dir=\"auto\"><\/div>\n<div dir=\"auto\"><\/div>\n<div dir=\"auto\"><a href=\"https:\/\/gostodefloripa.com.br\/wp-content\/uploads\/2022\/10\/confraria2.jpg\"><img loading=\"lazy\" class=\"alignnone size-medium wp-image-17092\" src=\"https:\/\/gostodefloripa.com.br\/wp-content\/uploads\/2022\/10\/confraria2-300x300.jpg\" alt=\"\" width=\"300\" height=\"300\" srcset=\"https:\/\/revistabica.com\/floripa\/wp-content\/uploads\/2022\/10\/confraria2-300x300.jpg 300w, https:\/\/revistabica.com\/floripa\/wp-content\/uploads\/2022\/10\/confraria2-150x150.jpg 150w, https:\/\/revistabica.com\/floripa\/wp-content\/uploads\/2022\/10\/confraria2-768x768.jpg 768w, https:\/\/revistabica.com\/floripa\/wp-content\/uploads\/2022\/10\/confraria2-80x80.jpg 80w, https:\/\/revistabica.com\/floripa\/wp-content\/uploads\/2022\/10\/confraria2-600x600.jpg 600w, https:\/\/revistabica.com\/floripa\/wp-content\/uploads\/2022\/10\/confraria2.jpg 800w\" sizes=\"(max-width: 300px) 100vw, 300px\" \/><\/a> <a href=\"https:\/\/gostodefloripa.com.br\/wp-content\/uploads\/2022\/10\/confraria3.jpg\"><img loading=\"lazy\" class=\"alignnone size-medium wp-image-17093\" src=\"https:\/\/gostodefloripa.com.br\/wp-content\/uploads\/2022\/10\/confraria3-300x300.jpg\" alt=\"\" width=\"300\" height=\"300\" srcset=\"https:\/\/revistabica.com\/floripa\/wp-content\/uploads\/2022\/10\/confraria3-300x300.jpg 300w, https:\/\/revistabica.com\/floripa\/wp-content\/uploads\/2022\/10\/confraria3-150x150.jpg 150w, https:\/\/revistabica.com\/floripa\/wp-content\/uploads\/2022\/10\/confraria3-768x768.jpg 768w, https:\/\/revistabica.com\/floripa\/wp-content\/uploads\/2022\/10\/confraria3-80x80.jpg 80w, https:\/\/revistabica.com\/floripa\/wp-content\/uploads\/2022\/10\/confraria3-600x600.jpg 600w, https:\/\/revistabica.com\/floripa\/wp-content\/uploads\/2022\/10\/confraria3.jpg 800w\" sizes=\"(max-width: 300px) 100vw, 300px\" \/><\/a> <a href=\"https:\/\/gostodefloripa.com.br\/wp-content\/uploads\/2022\/10\/confraria4.jpg\"><img loading=\"lazy\" class=\"alignnone size-medium wp-image-17094\" src=\"https:\/\/gostodefloripa.com.br\/wp-content\/uploads\/2022\/10\/confraria4-300x300.jpg\" alt=\"\" width=\"300\" height=\"300\" srcset=\"https:\/\/revistabica.com\/floripa\/wp-content\/uploads\/2022\/10\/confraria4-300x300.jpg 300w, https:\/\/revistabica.com\/floripa\/wp-content\/uploads\/2022\/10\/confraria4-150x150.jpg 150w, https:\/\/revistabica.com\/floripa\/wp-content\/uploads\/2022\/10\/confraria4-768x768.jpg 768w, https:\/\/revistabica.com\/floripa\/wp-content\/uploads\/2022\/10\/confraria4-80x80.jpg 80w, https:\/\/revistabica.com\/floripa\/wp-content\/uploads\/2022\/10\/confraria4-600x600.jpg 600w, https:\/\/revistabica.com\/floripa\/wp-content\/uploads\/2022\/10\/confraria4.jpg 800w\" sizes=\"(max-width: 300px) 100vw, 300px\" \/><\/a> <a href=\"https:\/\/gostodefloripa.com.br\/wp-content\/uploads\/2022\/10\/confraria5.jpg\"><img loading=\"lazy\" class=\"alignnone size-medium wp-image-17095\" src=\"https:\/\/gostodefloripa.com.br\/wp-content\/uploads\/2022\/10\/confraria5-300x300.jpg\" alt=\"\" width=\"300\" height=\"300\" srcset=\"https:\/\/revistabica.com\/floripa\/wp-content\/uploads\/2022\/10\/confraria5-300x300.jpg 300w, https:\/\/revistabica.com\/floripa\/wp-content\/uploads\/2022\/10\/confraria5-150x150.jpg 150w, https:\/\/revistabica.com\/floripa\/wp-content\/uploads\/2022\/10\/confraria5-768x768.jpg 768w, https:\/\/revistabica.com\/floripa\/wp-content\/uploads\/2022\/10\/confraria5-80x80.jpg 80w, https:\/\/revistabica.com\/floripa\/wp-content\/uploads\/2022\/10\/confraria5-600x600.jpg 600w, https:\/\/revistabica.com\/floripa\/wp-content\/uploads\/2022\/10\/confraria5.jpg 800w\" sizes=\"(max-width: 300px) 100vw, 300px\" \/><\/a> <a href=\"https:\/\/gostodefloripa.com.br\/wp-content\/uploads\/2022\/10\/confraria8.jpg\"><img loading=\"lazy\" class=\"alignnone size-medium wp-image-17096\" src=\"https:\/\/gostodefloripa.com.br\/wp-content\/uploads\/2022\/10\/confraria8-300x300.jpg\" alt=\"\" width=\"300\" height=\"300\" srcset=\"https:\/\/revistabica.com\/floripa\/wp-content\/uploads\/2022\/10\/confraria8-300x300.jpg 300w, https:\/\/revistabica.com\/floripa\/wp-content\/uploads\/2022\/10\/confraria8-150x150.jpg 150w, https:\/\/revistabica.com\/floripa\/wp-content\/uploads\/2022\/10\/confraria8-768x768.jpg 768w, https:\/\/revistabica.com\/floripa\/wp-content\/uploads\/2022\/10\/confraria8-80x80.jpg 80w, https:\/\/revistabica.com\/floripa\/wp-content\/uploads\/2022\/10\/confraria8-600x600.jpg 600w, https:\/\/revistabica.com\/floripa\/wp-content\/uploads\/2022\/10\/confraria8.jpg 800w\" sizes=\"(max-width: 300px) 100vw, 300px\" \/><\/a> <a href=\"https:\/\/gostodefloripa.com.br\/wp-content\/uploads\/2022\/10\/confraria6.jpg\"><img loading=\"lazy\" class=\"alignnone size-medium wp-image-17097\" src=\"https:\/\/gostodefloripa.com.br\/wp-content\/uploads\/2022\/10\/confraria6-300x300.jpg\" alt=\"\" width=\"300\" height=\"300\" srcset=\"https:\/\/revistabica.com\/floripa\/wp-content\/uploads\/2022\/10\/confraria6-300x300.jpg 300w, https:\/\/revistabica.com\/floripa\/wp-content\/uploads\/2022\/10\/confraria6-150x150.jpg 150w, https:\/\/revistabica.com\/floripa\/wp-content\/uploads\/2022\/10\/confraria6-768x768.jpg 768w, https:\/\/revistabica.com\/floripa\/wp-content\/uploads\/2022\/10\/confraria6-80x80.jpg 80w, https:\/\/revistabica.com\/floripa\/wp-content\/uploads\/2022\/10\/confraria6-600x600.jpg 600w, https:\/\/revistabica.com\/floripa\/wp-content\/uploads\/2022\/10\/confraria6.jpg 800w\" sizes=\"(max-width: 300px) 100vw, 300px\" \/><\/a><\/div>\n<div dir=\"auto\"><\/div>\n<div dir=\"auto\"><\/div>\n","protected":false},"excerpt":{"rendered":"<p>Criada formalmente a 14 Dezembro 2021, a Confraria de Saberes e Sabores de Portugal &#8211; Florian\u00f3polis \u00e9 hoje uma realidade &#8230;<\/p>\n","protected":false},"author":18,"featured_media":17091,"comment_status":"closed","ping_status":"closed","sticky":false,"template":"","format":"standard","meta":[],"categories":[3,4,86,7],"tags":[],"yoast_head":"<!-- This site is optimized with the Yoast SEO plugin v19.9 - https:\/\/yoast.com\/wordpress\/plugins\/seo\/ -->\n<title>Confraria de Saberes e Sabores de Portugal - Florian\u00f3polis - GOSTO DE FLORIPA<\/title>\n<meta name=\"robots\" content=\"index, follow, max-snippet:-1, max-image-preview:large, max-video-preview:-1\" \/>\n<link rel=\"canonical\" href=\"https:\/\/revistabica.com\/floripa\/confraria-de-saberes-e-sabores-de-portugal-florianopolis\/\" \/>\n<meta property=\"og:locale\" content=\"pt_PT\" \/>\n<meta property=\"og:type\" content=\"article\" \/>\n<meta property=\"og:title\" content=\"Confraria de Saberes e Sabores de Portugal - Florian\u00f3polis - GOSTO DE FLORIPA\" \/>\n<meta property=\"og:description\" content=\"Criada formalmente a 14 Dezembro 2021, a Confraria de Saberes e Sabores de Portugal &#8211; Florian\u00f3polis \u00e9 hoje uma realidade ...\" \/>\n<meta property=\"og:url\" content=\"https:\/\/revistabica.com\/floripa\/confraria-de-saberes-e-sabores-de-portugal-florianopolis\/\" \/>\n<meta property=\"og:site_name\" content=\"GOSTO DE FLORIPA\" \/>\n<meta property=\"article:published_time\" content=\"2021-12-14T10:44:57+00:00\" \/>\n<meta property=\"article:modified_time\" content=\"2022-10-30T19:03:48+00:00\" \/>\n<meta property=\"og:image\" content=\"https:\/\/revistabica.com\/floripa\/wp-content\/uploads\/2022\/10\/confraria1.jpg\" \/>\n\t<meta property=\"og:image:width\" content=\"800\" \/>\n\t<meta property=\"og:image:height\" content=\"800\" \/>\n\t<meta property=\"og:image:type\" content=\"image\/jpeg\" \/>\n<meta name=\"author\" content=\"GOSTO DE FLORIPA\" \/>\n<meta name=\"twitter:card\" content=\"summary_large_image\" \/>\n<meta name=\"twitter:label1\" content=\"Escrito por\" \/>\n\t<meta name=\"twitter:data1\" content=\"GOSTO DE FLORIPA\" \/>\n\t<meta name=\"twitter:label2\" content=\"Tempo estimado de leitura\" \/>\n\t<meta name=\"twitter:data2\" content=\"2 minutos\" \/>\n<script type=\"application\/ld+json\" class=\"yoast-schema-graph\">{\"@context\":\"https:\/\/schema.org\",\"@graph\":[{\"@type\":\"Article\",\"@id\":\"https:\/\/revistabica.com\/floripa\/confraria-de-saberes-e-sabores-de-portugal-florianopolis\/#article\",\"isPartOf\":{\"@id\":\"https:\/\/revistabica.com\/floripa\/confraria-de-saberes-e-sabores-de-portugal-florianopolis\/\"},\"author\":{\"name\":\"GOSTO DE FLORIPA\",\"@id\":\"https:\/\/revistabica.com\/floripa\/#\/schema\/person\/ad8ad44cae7ea11508c0df241d9c8cd9\"},\"headline\":\"Confraria de Saberes e Sabores de Portugal &#8211; Florian\u00f3polis\",\"datePublished\":\"2021-12-14T10:44:57+00:00\",\"dateModified\":\"2022-10-30T19:03:48+00:00\",\"mainEntityOfPage\":{\"@id\":\"https:\/\/revistabica.com\/floripa\/confraria-de-saberes-e-sabores-de-portugal-florianopolis\/\"},\"wordCount\":133,\"publisher\":{\"@id\":\"https:\/\/revistabica.com\/floripa\/#organization\"},\"articleSection\":[\"Acontece\",\"Gastronomia\",\"Opini\u00e3o\",\"Vinhos\"],\"inLanguage\":\"pt-PT\"},{\"@type\":\"WebPage\",\"@id\":\"https:\/\/revistabica.com\/floripa\/confraria-de-saberes-e-sabores-de-portugal-florianopolis\/\",\"url\":\"https:\/\/revistabica.com\/floripa\/confraria-de-saberes-e-sabores-de-portugal-florianopolis\/\",\"name\":\"Confraria de Saberes e Sabores de Portugal - Florian\u00f3polis - GOSTO DE FLORIPA\",\"isPartOf\":{\"@id\":\"https:\/\/revistabica.com\/floripa\/#website\"},\"datePublished\":\"2021-12-14T10:44:57+00:00\",\"dateModified\":\"2022-10-30T19:03:48+00:00\",\"breadcrumb\":{\"@id\":\"https:\/\/revistabica.com\/floripa\/confraria-de-saberes-e-sabores-de-portugal-florianopolis\/#breadcrumb\"},\"inLanguage\":\"pt-PT\",\"potentialAction\":[{\"@type\":\"ReadAction\",\"target\":[\"https:\/\/revistabica.com\/floripa\/confraria-de-saberes-e-sabores-de-portugal-florianopolis\/\"]}]},{\"@type\":\"BreadcrumbList\",\"@id\":\"https:\/\/revistabica.com\/floripa\/confraria-de-saberes-e-sabores-de-portugal-florianopolis\/#breadcrumb\",\"itemListElement\":[{\"@type\":\"ListItem\",\"position\":1,\"name\":\"In\u00edcio\",\"item\":\"https:\/\/revistabica.com\/floripa\/\"},{\"@type\":\"ListItem\",\"position\":2,\"name\":\"Confraria de Saberes e Sabores de Portugal &#8211; Florian\u00f3polis\"}]},{\"@type\":\"WebSite\",\"@id\":\"https:\/\/revistabica.com\/floripa\/#website\",\"url\":\"https:\/\/revistabica.com\/floripa\/\",\"name\":\"GOSTO DE FLORIPA\",\"description\":\"SANTA CATARINA\",\"publisher\":{\"@id\":\"https:\/\/revistabica.com\/floripa\/#organization\"},\"potentialAction\":[{\"@type\":\"SearchAction\",\"target\":{\"@type\":\"EntryPoint\",\"urlTemplate\":\"https:\/\/revistabica.com\/floripa\/?s={search_term_string}\"},\"query-input\":\"required name=search_term_string\"}],\"inLanguage\":\"pt-PT\"},{\"@type\":\"Organization\",\"@id\":\"https:\/\/revistabica.com\/floripa\/#organization\",\"name\":\"GOSTO DE FLORIPA\",\"url\":\"https:\/\/revistabica.com\/floripa\/\",\"logo\":{\"@type\":\"ImageObject\",\"inLanguage\":\"pt-PT\",\"@id\":\"https:\/\/revistabica.com\/floripa\/#\/schema\/logo\/image\/\",\"url\":\"https:\/\/revistabica.com\/floripa\/wp-content\/uploads\/2022\/10\/logo-site-branco-03.png\",\"contentUrl\":\"https:\/\/revistabica.com\/floripa\/wp-content\/uploads\/2022\/10\/logo-site-branco-03.png\",\"width\":626,\"height\":209,\"caption\":\"GOSTO DE FLORIPA\"},\"image\":{\"@id\":\"https:\/\/revistabica.com\/floripa\/#\/schema\/logo\/image\/\"}},{\"@type\":\"Person\",\"@id\":\"https:\/\/revistabica.com\/floripa\/#\/schema\/person\/ad8ad44cae7ea11508c0df241d9c8cd9\",\"name\":\"GOSTO DE FLORIPA\",\"image\":{\"@type\":\"ImageObject\",\"inLanguage\":\"pt-PT\",\"@id\":\"https:\/\/revistabica.com\/floripa\/#\/schema\/person\/image\/\",\"url\":\"https:\/\/secure.gravatar.com\/avatar\/2ad7dffdeed4570dd6338c3e1e43403d?s=96&d=mm&r=g\",\"contentUrl\":\"https:\/\/secure.gravatar.com\/avatar\/2ad7dffdeed4570dd6338c3e1e43403d?s=96&d=mm&r=g\",\"caption\":\"GOSTO DE FLORIPA\"},\"sameAs\":[\"design@studiobox.pt\"],\"url\":\"https:\/\/revistabica.com\/floripa\/author\/gosto-de-floripa\/\"}]}<\/script>\n<!-- \/ Yoast SEO plugin. -->","yoast_head_json":{"title":"Confraria de Saberes e Sabores de Portugal - Florian\u00f3polis - GOSTO DE FLORIPA","robots":{"index":"index","follow":"follow","max-snippet":"max-snippet:-1","max-image-preview":"max-image-preview:large","max-video-preview":"max-video-preview:-1"},"canonical":"https:\/\/revistabica.com\/floripa\/confraria-de-saberes-e-sabores-de-portugal-florianopolis\/","og_locale":"pt_PT","og_type":"article","og_title":"Confraria de Saberes e Sabores de Portugal - Florian\u00f3polis - GOSTO DE FLORIPA","og_description":"Criada formalmente a 14 Dezembro 2021, a Confraria de Saberes e Sabores de Portugal &#8211; Florian\u00f3polis \u00e9 hoje uma realidade ...","og_url":"https:\/\/revistabica.com\/floripa\/confraria-de-saberes-e-sabores-de-portugal-florianopolis\/","og_site_name":"GOSTO DE FLORIPA","article_published_time":"2021-12-14T10:44:57+00:00","article_modified_time":"2022-10-30T19:03:48+00:00","og_image":[{"width":800,"height":800,"url":"https:\/\/revistabica.com\/floripa\/wp-content\/uploads\/2022\/10\/confraria1.jpg","type":"image\/jpeg"}],"author":"GOSTO DE FLORIPA","twitter_card":"summary_large_image","twitter_misc":{"Escrito por":"GOSTO DE FLORIPA","Tempo estimado de leitura":"2 minutos"},"schema":{"@context":"https:\/\/schema.org","@graph":[{"@type":"Article","@id":"https:\/\/revistabica.com\/floripa\/confraria-de-saberes-e-sabores-de-portugal-florianopolis\/#article","isPartOf":{"@id":"https:\/\/revistabica.com\/floripa\/confraria-de-saberes-e-sabores-de-portugal-florianopolis\/"},"author":{"name":"GOSTO DE FLORIPA","@id":"https:\/\/revistabica.com\/floripa\/#\/schema\/person\/ad8ad44cae7ea11508c0df241d9c8cd9"},"headline":"Confraria de Saberes e Sabores de Portugal &#8211; Florian\u00f3polis","datePublished":"2021-12-14T10:44:57+00:00","dateModified":"2022-10-30T19:03:48+00:00","mainEntityOfPage":{"@id":"https:\/\/revistabica.com\/floripa\/confraria-de-saberes-e-sabores-de-portugal-florianopolis\/"},"wordCount":133,"publisher":{"@id":"https:\/\/revistabica.com\/floripa\/#organization"},"articleSection":["Acontece","Gastronomia","Opini\u00e3o","Vinhos"],"inLanguage":"pt-PT"},{"@type":"WebPage","@id":"https:\/\/revistabica.com\/floripa\/confraria-de-saberes-e-sabores-de-portugal-florianopolis\/","url":"https:\/\/revistabica.com\/floripa\/confraria-de-saberes-e-sabores-de-portugal-florianopolis\/","name":"Confraria de Saberes e Sabores de Portugal - Florian\u00f3polis - GOSTO DE FLORIPA","isPartOf":{"@id":"https:\/\/revistabica.com\/floripa\/#website"},"datePublished":"2021-12-14T10:44:57+00:00","dateModified":"2022-10-30T19:03:48+00:00","breadcrumb":{"@id":"https:\/\/revistabica.com\/floripa\/confraria-de-saberes-e-sabores-de-portugal-florianopolis\/#breadcrumb"},"inLanguage":"pt-PT","potentialAction":[{"@type":"ReadAction","target":["https:\/\/revistabica.com\/floripa\/confraria-de-saberes-e-sabores-de-portugal-florianopolis\/"]}]},{"@type":"BreadcrumbList","@id":"https:\/\/revistabica.com\/floripa\/confraria-de-saberes-e-sabores-de-portugal-florianopolis\/#breadcrumb","itemListElement":[{"@type":"ListItem","position":1,"name":"In\u00edcio","item":"https:\/\/revistabica.com\/floripa\/"},{"@type":"ListItem","position":2,"name":"Confraria de Saberes e Sabores de Portugal &#8211; Florian\u00f3polis"}]},{"@type":"WebSite","@id":"https:\/\/revistabica.com\/floripa\/#website","url":"https:\/\/revistabica.com\/floripa\/","name":"GOSTO DE FLORIPA","description":"SANTA CATARINA","publisher":{"@id":"https:\/\/revistabica.com\/floripa\/#organization"},"potentialAction":[{"@type":"SearchAction","target":{"@type":"EntryPoint","urlTemplate":"https:\/\/revistabica.com\/floripa\/?s={search_term_string}"},"query-input":"required name=search_term_string"}],"inLanguage":"pt-PT"},{"@type":"Organization","@id":"https:\/\/revistabica.com\/floripa\/#organization","name":"GOSTO DE FLORIPA","url":"https:\/\/revistabica.com\/floripa\/","logo":{"@type":"ImageObject","inLanguage":"pt-PT","@id":"https:\/\/revistabica.com\/floripa\/#\/schema\/logo\/image\/","url":"https:\/\/revistabica.com\/floripa\/wp-content\/uploads\/2022\/10\/logo-site-branco-03.png","contentUrl":"https:\/\/revistabica.com\/floripa\/wp-content\/uploads\/2022\/10\/logo-site-branco-03.png","width":626,"height":209,"caption":"GOSTO DE FLORIPA"},"image":{"@id":"https:\/\/revistabica.com\/floripa\/#\/schema\/logo\/image\/"}},{"@type":"Person","@id":"https:\/\/revistabica.com\/floripa\/#\/schema\/person\/ad8ad44cae7ea11508c0df241d9c8cd9","name":"GOSTO DE FLORIPA","image":{"@type":"ImageObject","inLanguage":"pt-PT","@id":"https:\/\/revistabica.com\/floripa\/#\/schema\/person\/image\/","url":"https:\/\/secure.gravatar.com\/avatar\/2ad7dffdeed4570dd6338c3e1e43403d?s=96&d=mm&r=g","contentUrl":"https:\/\/secure.gravatar.com\/avatar\/2ad7dffdeed4570dd6338c3e1e43403d?s=96&d=mm&r=g","caption":"GOSTO DE FLORIPA"},"sameAs":["design@studiobox.pt"],"url":"https:\/\/revistabica.com\/floripa\/author\/gosto-de-floripa\/"}]}},"_links":{"self":[{"href":"https:\/\/revistabica.com\/floripa\/wp-json\/wp\/v2\/posts\/17090"}],"collection":[{"href":"https:\/\/revistabica.com\/floripa\/wp-json\/wp\/v2\/posts"}],"about":[{"href":"https:\/\/revistabica.com\/floripa\/wp-json\/wp\/v2\/types\/post"}],"author":[{"embeddable":true,"href":"https:\/\/revistabica.com\/floripa\/wp-json\/wp\/v2\/users\/18"}],"replies":[{"embeddable":true,"href":"https:\/\/revistabica.com\/floripa\/wp-json\/wp\/v2\/comments?post=17090"}],"version-history":[{"count":1,"href":"https:\/\/revistabica.com\/floripa\/wp-json\/wp\/v2\/posts\/17090\/revisions"}],"predecessor-version":[{"id":17098,"href":"https:\/\/revistabica.com\/floripa\/wp-json\/wp\/v2\/posts\/17090\/revisions\/17098"}],"wp:featuredmedia":[{"embeddable":true,"href":"https:\/\/revistabica.com\/floripa\/wp-json\/wp\/v2\/media\/17091"}],"wp:attachment":[{"href":"https:\/\/revistabica.com\/floripa\/wp-json\/wp\/v2\/media?parent=17090"}],"wp:term":[{"taxonomy":"category","embeddable":true,"href":"https:\/\/revistabica.com\/floripa\/wp-json\/wp\/v2\/categories?post=17090"},{"taxonomy":"post_tag","embeddable":true,"href":"https:\/\/revistabica.com\/floripa\/wp-json\/wp\/v2\/tags?post=17090"}],"curies":[{"name":"wp","href":"https:\/\/api.w.org\/{rel}","templated":true}]}}