{"id":17048,"date":"2022-10-29T21:37:38","date_gmt":"2022-10-29T21:37:38","guid":{"rendered":"https:\/\/gostodefloripa.com.br\/?p=17048"},"modified":"2022-10-30T15:17:39","modified_gmt":"2022-10-30T15:17:39","slug":"cabral-costa-da-lagoa","status":"publish","type":"post","link":"https:\/\/revistabica.com\/floripa\/cabral-costa-da-lagoa\/","title":{"rendered":"Cabral Costa da Lagoa"},"content":{"rendered":"<p>Chegar ao Restaurante Cabral \u00e9, por si s\u00f3, uma aventura. O Cabral Parador 19 fica numa margem da Lagoa da Concei\u00e7\u00e3o, um vasto len\u00e7ol de \u00e1gua doce que domina o centro-oeste da ilha, rodeada de manguezais e floresta atl\u00e2ntica. O acesso, em \u201cestrada de ch\u00e3o\u201d, como chamam os brasileiros \u00e0s estradas de terra batida, desemboca no Trapiche do Rio Vermelho, um pequeno cais de barcos de pesca, de onde embarcamos para uma travessia at\u00e9 \u00e0 Costa da Lagoa. Do outro lado, perfeitamente enquadrado na paisagem, de onde se destacam, unicamente, um pequeno cais e um caramanch\u00e3o sobre a \u00e1gua, surge o Cabral.<\/p>\n<p>Sobre um manto de relva de verde, algumas espregui\u00e7adeiras em madeira convidam a um aperitivo. Uma caipirinha de buti\u00e1 e siri frio, que, como nos explica Cl\u00f3vis, genro dos fundadores, \u00e0 frente do restaurante j\u00e1 l\u00e1 v\u00e3o 16 anos, s\u00f3 \u00e9 servido quando acaba de chegar. O siri \u00e9 um pequeno caranguejo que \u00e9 catado nos manguezais que circundam a lagoa. \u201cEu s\u00f3 sirvo esse prato quando o siri \u00e9 tirado de manh\u00e3 bem cedo. A\u00ed \u00e9 s\u00f3 adicionar sal, azeite de oliva e lim\u00e3o e vem para a mesa.\u201d<\/p>\n<div class='gallery-slider mv2' data-speed='100'>\n                                        <div class='master-slider gallery-style ms-skin-default' id='69f2f1a102616' data-autoplay='true'>\n                                            <div class='ms-slide'>\n                                <div class='slide-pattern tint'><\/div>\n                                <img src='https:\/\/revistabica.com\/floripa\/wp-content\/themes\/tana\/vendors\/masterslider\/style\/blank.gif' data-src='https:\/\/revistabica.com\/floripa\/wp-content\/uploads\/2022\/10\/IMG_5443.jpg' alt=''\/>\n                                <div class='ms-thumb'>\n                                    <div class='image' data-src='https:\/\/revistabica.com\/floripa\/wp-content\/uploads\/2022\/10\/IMG_5443.jpg'><\/div>\n                                <\/div>\n                                <div class='ms-layer' data-effect='fade' data-duration='300' data-ease='easeInOut'>\n                                    IMG_5443\n                                <\/div>\n                            <\/div><div class='ms-slide'>\n                                <div class='slide-pattern tint'><\/div>\n                                <img src='https:\/\/revistabica.com\/floripa\/wp-content\/themes\/tana\/vendors\/masterslider\/style\/blank.gif' data-src='https:\/\/revistabica.com\/floripa\/wp-content\/uploads\/2022\/10\/IMG_5459.jpg' alt=''\/>\n                                <div class='ms-thumb'>\n                                    <div class='image' data-src='https:\/\/revistabica.com\/floripa\/wp-content\/uploads\/2022\/10\/IMG_5459.jpg'><\/div>\n                                <\/div>\n                                <div class='ms-layer' data-effect='fade' data-duration='300' data-ease='easeInOut'>\n                                    IMG_5459\n                                <\/div>\n                            <\/div><div class='ms-slide'>\n                                <div class='slide-pattern tint'><\/div>\n                                <img src='https:\/\/revistabica.com\/floripa\/wp-content\/themes\/tana\/vendors\/masterslider\/style\/blank.gif' data-src='https:\/\/revistabica.com\/floripa\/wp-content\/uploads\/2022\/10\/IMG_5473-768x1024.jpg' alt=''\/>\n                                <div class='ms-thumb'>\n                                    <div class='image' data-src='https:\/\/revistabica.com\/floripa\/wp-content\/uploads\/2022\/10\/IMG_5473-768x1024.jpg'><\/div>\n                                <\/div>\n                                <div class='ms-layer' data-effect='fade' data-duration='300' data-ease='easeInOut'>\n                                    IMG_5473\n                                <\/div>\n                            <\/div><div class='ms-slide'>\n                                <div class='slide-pattern tint'><\/div>\n                                <img src='https:\/\/revistabica.com\/floripa\/wp-content\/themes\/tana\/vendors\/masterslider\/style\/blank.gif' data-src='https:\/\/revistabica.com\/floripa\/wp-content\/uploads\/2022\/10\/IMG_5474-768x1024.jpg' alt=''\/>\n                                <div class='ms-thumb'>\n                                    <div class='image' data-src='https:\/\/revistabica.com\/floripa\/wp-content\/uploads\/2022\/10\/IMG_5474-768x1024.jpg'><\/div>\n                                <\/div>\n                                <div class='ms-layer' data-effect='fade' data-duration='300' data-ease='easeInOut'>\n                                    IMG_5474\n                                <\/div>\n                            <\/div><div class='ms-slide'>\n                                <div class='slide-pattern tint'><\/div>\n                                <img src='https:\/\/revistabica.com\/floripa\/wp-content\/themes\/tana\/vendors\/masterslider\/style\/blank.gif' data-src='https:\/\/revistabica.com\/floripa\/wp-content\/uploads\/2022\/10\/IMG_5846.jpg' alt=''\/>\n                                <div class='ms-thumb'>\n                                    <div class='image' data-src='https:\/\/revistabica.com\/floripa\/wp-content\/uploads\/2022\/10\/IMG_5846.jpg'><\/div>\n                                <\/div>\n                                <div class='ms-layer' data-effect='fade' data-duration='300' data-ease='easeInOut'>\n                                    IMG_5846\n                                <\/div>\n                            <\/div><div class='ms-slide'>\n                                <div class='slide-pattern tint'><\/div>\n                                <img src='https:\/\/revistabica.com\/floripa\/wp-content\/themes\/tana\/vendors\/masterslider\/style\/blank.gif' data-src='https:\/\/revistabica.com\/floripa\/wp-content\/uploads\/2022\/10\/IMG_5850-2-576x1024.jpg' alt=''\/>\n                                <div class='ms-thumb'>\n                                    <div class='image' data-src='https:\/\/revistabica.com\/floripa\/wp-content\/uploads\/2022\/10\/IMG_5850-2-576x1024.jpg'><\/div>\n                                <\/div>\n                                <div class='ms-layer' data-effect='fade' data-duration='300' data-ease='easeInOut'>\n                                    IMG_5850 2\n                                <\/div>\n                            <\/div><div class='ms-slide'>\n                                <div class='slide-pattern tint'><\/div>\n                                <img src='https:\/\/revistabica.com\/floripa\/wp-content\/themes\/tana\/vendors\/masterslider\/style\/blank.gif' data-src='https:\/\/revistabica.com\/floripa\/wp-content\/uploads\/2022\/10\/IMG_5863.jpg' alt=''\/>\n                                <div class='ms-thumb'>\n                                    <div class='image' data-src='https:\/\/revistabica.com\/floripa\/wp-content\/uploads\/2022\/10\/IMG_5863.jpg'><\/div>\n                                <\/div>\n                                <div class='ms-layer' data-effect='fade' data-duration='300' data-ease='easeInOut'>\n                                    IMG_5863\n                                <\/div>\n                            <\/div><div class='ms-slide'>\n                                <div class='slide-pattern tint'><\/div>\n                                <img src='https:\/\/revistabica.com\/floripa\/wp-content\/themes\/tana\/vendors\/masterslider\/style\/blank.gif' data-src='https:\/\/revistabica.com\/floripa\/wp-content\/uploads\/2022\/10\/IMG_5865-1-576x1024.png' alt=''\/>\n                                <div class='ms-thumb'>\n                                    <div class='image' data-src='https:\/\/revistabica.com\/floripa\/wp-content\/uploads\/2022\/10\/IMG_5865-1-576x1024.png'><\/div>\n                                <\/div>\n                                <div class='ms-layer' data-effect='fade' data-duration='300' data-ease='easeInOut'>\n                                    IMG_5865\n                                <\/div>\n                            <\/div><div class='ms-slide'>\n                                <div class='slide-pattern tint'><\/div>\n                                <img src='https:\/\/revistabica.com\/floripa\/wp-content\/themes\/tana\/vendors\/masterslider\/style\/blank.gif' data-src='https:\/\/revistabica.com\/floripa\/wp-content\/uploads\/2022\/10\/IMG_6005-768x1024.jpg' alt=''\/>\n                                <div class='ms-thumb'>\n                                    <div class='image' data-src='https:\/\/revistabica.com\/floripa\/wp-content\/uploads\/2022\/10\/IMG_6005-768x1024.jpg'><\/div>\n                                <\/div>\n                                <div class='ms-layer' data-effect='fade' data-duration='300' data-ease='easeInOut'>\n                                    IMG_6005\n                                <\/div>\n                            <\/div>\n                                        <\/div>\n                                    <\/div>\n<p>J\u00e1 sentados a uma das muitas mesas de uma esplanada com vista soberba sobre a \u00e1gua, provamos as ostras ao natural e os filetes de carapeba, um peixe nativo da lagoa. \u201cTodos os peixes s\u00e3o pescados aqui. A carapeba, a til\u00e1pia, a lulinha, o linguado. S\u00f3 usamos produtos end\u00f3genos.\u201d Da cozinha, onde In\u00eas, mulher de Cl\u00f3vis, domina, chega uma moqueca irrepreens\u00edvel. Entretanto, os sogros de Cl\u00f3vis, fundadores do espa\u00e7o explicam o segredo de um sucesso que j\u00e1 dura h\u00e1 30 anos: \u201cTentamos fazer o melhor, com amor e acho que a gente tem conseguido. Quando tu aplica carinho em cima do que est\u00e1 fazendo, resulta n\u00e9? O importante \u00e9 estar apaixonado pelo que se faz. Essa \u00e9 a ess\u00eancia desse neg\u00f3cio\u201d<\/p>\n","protected":false},"excerpt":{"rendered":"<p>Chegar ao Restaurante Cabral \u00e9, por si s\u00f3, uma aventura. O Cabral Parador 19 fica numa margem da Lagoa da &#8230;<\/p>\n","protected":false},"author":18,"featured_media":17049,"comment_status":"open","ping_status":"open","sticky":false,"template":"","format":"standard","meta":[],"categories":[4,86],"tags":[],"yoast_head":"<!-- This site is optimized with the Yoast SEO plugin v19.9 - https:\/\/yoast.com\/wordpress\/plugins\/seo\/ -->\n<title>Cabral Costa da Lagoa - GOSTO DE FLORIPA<\/title>\n<meta name=\"robots\" content=\"index, follow, max-snippet:-1, max-image-preview:large, max-video-preview:-1\" \/>\n<link rel=\"canonical\" href=\"https:\/\/revistabica.com\/floripa\/cabral-costa-da-lagoa\/\" \/>\n<meta property=\"og:locale\" content=\"pt_PT\" \/>\n<meta property=\"og:type\" content=\"article\" \/>\n<meta property=\"og:title\" content=\"Cabral Costa da Lagoa - GOSTO DE FLORIPA\" \/>\n<meta property=\"og:description\" content=\"Chegar ao Restaurante Cabral \u00e9, por si s\u00f3, uma aventura. O Cabral Parador 19 fica numa margem da Lagoa da ...\" \/>\n<meta property=\"og:url\" content=\"https:\/\/revistabica.com\/floripa\/cabral-costa-da-lagoa\/\" \/>\n<meta property=\"og:site_name\" content=\"GOSTO DE FLORIPA\" \/>\n<meta property=\"article:published_time\" content=\"2022-10-29T21:37:38+00:00\" \/>\n<meta property=\"article:modified_time\" content=\"2022-10-30T15:17:39+00:00\" \/>\n<meta property=\"og:image\" content=\"https:\/\/revistabica.com\/floripa\/wp-content\/uploads\/2022\/10\/IMG_5865.png\" \/>\n\t<meta property=\"og:image:width\" content=\"800\" \/>\n\t<meta property=\"og:image:height\" content=\"1422\" \/>\n\t<meta property=\"og:image:type\" content=\"image\/png\" \/>\n<meta name=\"author\" content=\"GOSTO DE FLORIPA\" \/>\n<meta name=\"twitter:card\" content=\"summary_large_image\" \/>\n<meta name=\"twitter:label1\" content=\"Escrito por\" \/>\n\t<meta name=\"twitter:data1\" content=\"GOSTO DE FLORIPA\" \/>\n\t<meta name=\"twitter:label2\" content=\"Tempo estimado de leitura\" \/>\n\t<meta name=\"twitter:data2\" content=\"2 minutos\" \/>\n<script type=\"application\/ld+json\" class=\"yoast-schema-graph\">{\"@context\":\"https:\/\/schema.org\",\"@graph\":[{\"@type\":\"Article\",\"@id\":\"https:\/\/revistabica.com\/floripa\/cabral-costa-da-lagoa\/#article\",\"isPartOf\":{\"@id\":\"https:\/\/revistabica.com\/floripa\/cabral-costa-da-lagoa\/\"},\"author\":{\"name\":\"GOSTO DE FLORIPA\",\"@id\":\"https:\/\/revistabica.com\/floripa\/#\/schema\/person\/ad8ad44cae7ea11508c0df241d9c8cd9\"},\"headline\":\"Cabral Costa da Lagoa\",\"datePublished\":\"2022-10-29T21:37:38+00:00\",\"dateModified\":\"2022-10-30T15:17:39+00:00\",\"mainEntityOfPage\":{\"@id\":\"https:\/\/revistabica.com\/floripa\/cabral-costa-da-lagoa\/\"},\"wordCount\":327,\"commentCount\":0,\"publisher\":{\"@id\":\"https:\/\/revistabica.com\/floripa\/#organization\"},\"articleSection\":[\"Gastronomia\",\"Opini\u00e3o\"],\"inLanguage\":\"pt-PT\"},{\"@type\":\"WebPage\",\"@id\":\"https:\/\/revistabica.com\/floripa\/cabral-costa-da-lagoa\/\",\"url\":\"https:\/\/revistabica.com\/floripa\/cabral-costa-da-lagoa\/\",\"name\":\"Cabral Costa da Lagoa - GOSTO DE FLORIPA\",\"isPartOf\":{\"@id\":\"https:\/\/revistabica.com\/floripa\/#website\"},\"datePublished\":\"2022-10-29T21:37:38+00:00\",\"dateModified\":\"2022-10-30T15:17:39+00:00\",\"breadcrumb\":{\"@id\":\"https:\/\/revistabica.com\/floripa\/cabral-costa-da-lagoa\/#breadcrumb\"},\"inLanguage\":\"pt-PT\",\"potentialAction\":[{\"@type\":\"ReadAction\",\"target\":[\"https:\/\/revistabica.com\/floripa\/cabral-costa-da-lagoa\/\"]}]},{\"@type\":\"BreadcrumbList\",\"@id\":\"https:\/\/revistabica.com\/floripa\/cabral-costa-da-lagoa\/#breadcrumb\",\"itemListElement\":[{\"@type\":\"ListItem\",\"position\":1,\"name\":\"In\u00edcio\",\"item\":\"https:\/\/revistabica.com\/floripa\/\"},{\"@type\":\"ListItem\",\"position\":2,\"name\":\"Cabral Costa da Lagoa\"}]},{\"@type\":\"WebSite\",\"@id\":\"https:\/\/revistabica.com\/floripa\/#website\",\"url\":\"https:\/\/revistabica.com\/floripa\/\",\"name\":\"GOSTO DE FLORIPA\",\"description\":\"SANTA CATARINA\",\"publisher\":{\"@id\":\"https:\/\/revistabica.com\/floripa\/#organization\"},\"potentialAction\":[{\"@type\":\"SearchAction\",\"target\":{\"@type\":\"EntryPoint\",\"urlTemplate\":\"https:\/\/revistabica.com\/floripa\/?s={search_term_string}\"},\"query-input\":\"required name=search_term_string\"}],\"inLanguage\":\"pt-PT\"},{\"@type\":\"Organization\",\"@id\":\"https:\/\/revistabica.com\/floripa\/#organization\",\"name\":\"GOSTO DE FLORIPA\",\"url\":\"https:\/\/revistabica.com\/floripa\/\",\"logo\":{\"@type\":\"ImageObject\",\"inLanguage\":\"pt-PT\",\"@id\":\"https:\/\/revistabica.com\/floripa\/#\/schema\/logo\/image\/\",\"url\":\"https:\/\/revistabica.com\/floripa\/wp-content\/uploads\/2022\/10\/logo-site-branco-03.png\",\"contentUrl\":\"https:\/\/revistabica.com\/floripa\/wp-content\/uploads\/2022\/10\/logo-site-branco-03.png\",\"width\":626,\"height\":209,\"caption\":\"GOSTO DE FLORIPA\"},\"image\":{\"@id\":\"https:\/\/revistabica.com\/floripa\/#\/schema\/logo\/image\/\"}},{\"@type\":\"Person\",\"@id\":\"https:\/\/revistabica.com\/floripa\/#\/schema\/person\/ad8ad44cae7ea11508c0df241d9c8cd9\",\"name\":\"GOSTO DE FLORIPA\",\"image\":{\"@type\":\"ImageObject\",\"inLanguage\":\"pt-PT\",\"@id\":\"https:\/\/revistabica.com\/floripa\/#\/schema\/person\/image\/\",\"url\":\"https:\/\/secure.gravatar.com\/avatar\/2ad7dffdeed4570dd6338c3e1e43403d?s=96&d=mm&r=g\",\"contentUrl\":\"https:\/\/secure.gravatar.com\/avatar\/2ad7dffdeed4570dd6338c3e1e43403d?s=96&d=mm&r=g\",\"caption\":\"GOSTO DE FLORIPA\"},\"sameAs\":[\"design@studiobox.pt\"],\"url\":\"https:\/\/revistabica.com\/floripa\/author\/gosto-de-floripa\/\"}]}<\/script>\n<!-- \/ Yoast SEO plugin. -->","yoast_head_json":{"title":"Cabral Costa da Lagoa - GOSTO DE FLORIPA","robots":{"index":"index","follow":"follow","max-snippet":"max-snippet:-1","max-image-preview":"max-image-preview:large","max-video-preview":"max-video-preview:-1"},"canonical":"https:\/\/revistabica.com\/floripa\/cabral-costa-da-lagoa\/","og_locale":"pt_PT","og_type":"article","og_title":"Cabral Costa da Lagoa - GOSTO DE FLORIPA","og_description":"Chegar ao Restaurante Cabral \u00e9, por si s\u00f3, uma aventura. O Cabral Parador 19 fica numa margem da Lagoa da ...","og_url":"https:\/\/revistabica.com\/floripa\/cabral-costa-da-lagoa\/","og_site_name":"GOSTO DE FLORIPA","article_published_time":"2022-10-29T21:37:38+00:00","article_modified_time":"2022-10-30T15:17:39+00:00","og_image":[{"width":800,"height":1422,"url":"https:\/\/revistabica.com\/floripa\/wp-content\/uploads\/2022\/10\/IMG_5865.png","type":"image\/png"}],"author":"GOSTO DE FLORIPA","twitter_card":"summary_large_image","twitter_misc":{"Escrito por":"GOSTO DE FLORIPA","Tempo estimado de leitura":"2 minutos"},"schema":{"@context":"https:\/\/schema.org","@graph":[{"@type":"Article","@id":"https:\/\/revistabica.com\/floripa\/cabral-costa-da-lagoa\/#article","isPartOf":{"@id":"https:\/\/revistabica.com\/floripa\/cabral-costa-da-lagoa\/"},"author":{"name":"GOSTO DE FLORIPA","@id":"https:\/\/revistabica.com\/floripa\/#\/schema\/person\/ad8ad44cae7ea11508c0df241d9c8cd9"},"headline":"Cabral Costa da Lagoa","datePublished":"2022-10-29T21:37:38+00:00","dateModified":"2022-10-30T15:17:39+00:00","mainEntityOfPage":{"@id":"https:\/\/revistabica.com\/floripa\/cabral-costa-da-lagoa\/"},"wordCount":327,"commentCount":0,"publisher":{"@id":"https:\/\/revistabica.com\/floripa\/#organization"},"articleSection":["Gastronomia","Opini\u00e3o"],"inLanguage":"pt-PT"},{"@type":"WebPage","@id":"https:\/\/revistabica.com\/floripa\/cabral-costa-da-lagoa\/","url":"https:\/\/revistabica.com\/floripa\/cabral-costa-da-lagoa\/","name":"Cabral Costa da Lagoa - GOSTO DE FLORIPA","isPartOf":{"@id":"https:\/\/revistabica.com\/floripa\/#website"},"datePublished":"2022-10-29T21:37:38+00:00","dateModified":"2022-10-30T15:17:39+00:00","breadcrumb":{"@id":"https:\/\/revistabica.com\/floripa\/cabral-costa-da-lagoa\/#breadcrumb"},"inLanguage":"pt-PT","potentialAction":[{"@type":"ReadAction","target":["https:\/\/revistabica.com\/floripa\/cabral-costa-da-lagoa\/"]}]},{"@type":"BreadcrumbList","@id":"https:\/\/revistabica.com\/floripa\/cabral-costa-da-lagoa\/#breadcrumb","itemListElement":[{"@type":"ListItem","position":1,"name":"In\u00edcio","item":"https:\/\/revistabica.com\/floripa\/"},{"@type":"ListItem","position":2,"name":"Cabral Costa da Lagoa"}]},{"@type":"WebSite","@id":"https:\/\/revistabica.com\/floripa\/#website","url":"https:\/\/revistabica.com\/floripa\/","name":"GOSTO DE FLORIPA","description":"SANTA CATARINA","publisher":{"@id":"https:\/\/revistabica.com\/floripa\/#organization"},"potentialAction":[{"@type":"SearchAction","target":{"@type":"EntryPoint","urlTemplate":"https:\/\/revistabica.com\/floripa\/?s={search_term_string}"},"query-input":"required name=search_term_string"}],"inLanguage":"pt-PT"},{"@type":"Organization","@id":"https:\/\/revistabica.com\/floripa\/#organization","name":"GOSTO DE FLORIPA","url":"https:\/\/revistabica.com\/floripa\/","logo":{"@type":"ImageObject","inLanguage":"pt-PT","@id":"https:\/\/revistabica.com\/floripa\/#\/schema\/logo\/image\/","url":"https:\/\/revistabica.com\/floripa\/wp-content\/uploads\/2022\/10\/logo-site-branco-03.png","contentUrl":"https:\/\/revistabica.com\/floripa\/wp-content\/uploads\/2022\/10\/logo-site-branco-03.png","width":626,"height":209,"caption":"GOSTO DE FLORIPA"},"image":{"@id":"https:\/\/revistabica.com\/floripa\/#\/schema\/logo\/image\/"}},{"@type":"Person","@id":"https:\/\/revistabica.com\/floripa\/#\/schema\/person\/ad8ad44cae7ea11508c0df241d9c8cd9","name":"GOSTO DE FLORIPA","image":{"@type":"ImageObject","inLanguage":"pt-PT","@id":"https:\/\/revistabica.com\/floripa\/#\/schema\/person\/image\/","url":"https:\/\/secure.gravatar.com\/avatar\/2ad7dffdeed4570dd6338c3e1e43403d?s=96&d=mm&r=g","contentUrl":"https:\/\/secure.gravatar.com\/avatar\/2ad7dffdeed4570dd6338c3e1e43403d?s=96&d=mm&r=g","caption":"GOSTO DE FLORIPA"},"sameAs":["design@studiobox.pt"],"url":"https:\/\/revistabica.com\/floripa\/author\/gosto-de-floripa\/"}]}},"_links":{"self":[{"href":"https:\/\/revistabica.com\/floripa\/wp-json\/wp\/v2\/posts\/17048"}],"collection":[{"href":"https:\/\/revistabica.com\/floripa\/wp-json\/wp\/v2\/posts"}],"about":[{"href":"https:\/\/revistabica.com\/floripa\/wp-json\/wp\/v2\/types\/post"}],"author":[{"embeddable":true,"href":"https:\/\/revistabica.com\/floripa\/wp-json\/wp\/v2\/users\/18"}],"replies":[{"embeddable":true,"href":"https:\/\/revistabica.com\/floripa\/wp-json\/wp\/v2\/comments?post=17048"}],"version-history":[{"count":1,"href":"https:\/\/revistabica.com\/floripa\/wp-json\/wp\/v2\/posts\/17048\/revisions"}],"predecessor-version":[{"id":17060,"href":"https:\/\/revistabica.com\/floripa\/wp-json\/wp\/v2\/posts\/17048\/revisions\/17060"}],"wp:featuredmedia":[{"embeddable":true,"href":"https:\/\/revistabica.com\/floripa\/wp-json\/wp\/v2\/media\/17049"}],"wp:attachment":[{"href":"https:\/\/revistabica.com\/floripa\/wp-json\/wp\/v2\/media?parent=17048"}],"wp:term":[{"taxonomy":"category","embeddable":true,"href":"https:\/\/revistabica.com\/floripa\/wp-json\/wp\/v2\/categories?post=17048"},{"taxonomy":"post_tag","embeddable":true,"href":"https:\/\/revistabica.com\/floripa\/wp-json\/wp\/v2\/tags?post=17048"}],"curies":[{"name":"wp","href":"https:\/\/api.w.org\/{rel}","templated":true}]}}